{"id":93685,"date":"2021-06-04T09:20:44","date_gmt":"2021-06-04T12:20:44","guid":{"rendered":"https:\/\/eldiariodesanpedro.com.ar\/sitio\/?p=93685"},"modified":"2021-06-04T09:20:48","modified_gmt":"2021-06-04T12:20:48","slug":"alicia-galfaso-la-victima-no-se-suicida-por-la-pandemia","status":"publish","type":"post","link":"https:\/\/eldiariodesanpedro.com.ar\/sitio\/alicia-galfaso-la-victima-no-se-suicida-por-la-pandemia\/","title":{"rendered":"Alicia Galfas\u00f3: \u201cla v\u00edctima no se suicida por la pandemia\u201d"},"content":{"rendered":"<!-- VideographyWP Plugin Message: Automatic video embedding prevented by plugin options. -->\n\n<p>La titular de la Brigada PAE habl\u00f3 en el aire de FM G\u00e9nesis. Se refiri\u00f3 a los efectos de la pandemia ante la sociedad y el preocupante aumento de suicidios en la ciudad.<\/p>\n\n\n\n<p>Las consecuencias sociales originadas por la pandemia es una problem\u00e1tica que va en aumento. La comunidad vive horas de mucha angustia y mucho tiene que ver de qu\u00e9 manera se recepciona toda la informaci\u00f3n que se brinda a diario, donde las condiciones de la pandemia son muy cambiantes.<\/p>\n\n\n\n<p>La Licenciada Alicia Galfas\u00f3, titular de la Brigada PAE (Primeros Auxilios Emocionales), se refiri\u00f3 al tema de actualidad, al que ella llama segunda etapa y no segunda ola.<\/p>\n\n\n\n<p>\u201cLa palabra ola no ayuda para nada. La realidad es que el covid no se ha ido desde que lleg\u00f3 entonces son cuestiones de c\u00f3mo se ha informado a la poblaci\u00f3n\u201d.<\/p>\n\n\n\n<p>\u201cEl problema que tenemos hoy en d\u00eda es la informaci\u00f3n, porque es informaci\u00f3n, m\u00e1s opini\u00f3n, m\u00e1s tendencia policita e intereses. Todo genera una mezcla donde la gente no logra discernir cual es concretamente la informaci\u00f3n y cual los pareceres, eso hace da\u00f1o y es lo que llamamos la infodemia. Hay un exceso de informaci\u00f3n retorcida\u201d, expres\u00f3 la profesional.<\/p>\n\n\n\n<p>\u201cHoy hay un rengl\u00f3n de informaci\u00f3n y a partir de all\u00ed se genera una hora de debate sobre ese rengl\u00f3n pero no sirve porque intoxica\u201d, destac\u00f3 en cuanto a quienes tratan el tema de la pandemia con poco conocimiento.<\/p>\n\n\n\n<p>Sobre los preocupantes casos de suicidios que se han dado en las \u00faltimas semanas en nuestra ciudad y donde la franja etaria no supera los 25 a\u00f1os, la Licenciada se\u00f1al\u00f3 que existe una suba en los incidentes: \u201cLa zona de San Pedro, Ramallo y San Nicol\u00e1s, est\u00e1 padeciendo una ola de suicidios muy grande, pero est\u00e1 reflejada en el pa\u00eds donde tambi\u00e9n se not\u00f3 el aumentado\u201d.<\/p>\n\n\n\n<p>\u201cTenemos que tener cuidado en no ligar esto a la pandemia, hay que poder definir los grupos donde se producen los fen\u00f3meno que llamamos contagio. Cuando suceden dos o tres casos seguidos, lo que se puede prevenir es el efecto contagio\u201d, remarc\u00f3.<\/p>\n\n\n\n<p>\u201cDespu\u00e9s tenemos la diferencia entre lo que es un suicidio y un parasuicidio. Un suicidio es una situaci\u00f3n planeada y silenciosa; el parasuicidio es el que convoca, amenazas, el que quiere algo a cambio\u201d.<\/p>\n\n\n\n<p>\u201cEl suicidio es un fen\u00f3meno cultural, social, antropol\u00f3gico, no es un fen\u00f3meno ligado a la salud mental directa. Son muy pocos los casos donde encontramos un suicidio con patolog\u00eda mental. La gran mayor\u00eda tiene que ver con connotaciones culturales, sociales, y antropol\u00f3gicas, es en cuanto al sentido que tiene el suicidio, qu\u00e9 es lo que est\u00e1n buscando expresar a trav\u00e9s de esa decisi\u00f3n, por eso es muy dif\u00edcil desactivarlo y frenarlo\u201d, se\u00f1al\u00f3 Galfas\u00f3.<\/p>\n\n\n\n<p>\u201cLa pandemia lo que hizo fue en la mayor\u00eda de los casos, funcionar como disparador del suicidio, pero la v\u00edctima no se suicida por la pandemia\u201d.<\/p>\n\n\n\n<p>\u201cLos medios de comunicaci\u00f3n son la necesidad fundamental para instalar este tema en las casas, que se pueda hablar de prevenci\u00f3n, que le saquemos el estigma a la palabra porque si no lo \u00fanico que logramos es el silencio\u201d.<\/p>\n\n\n\n<p>\u201cA la vez los medios tiene un papel esencial, pero no en los detalles, no en las personas, y menos viralizarlo, porque se puede efectuar el efecto contagio\u201d, asegur\u00f3. \u00a0\u00a0<\/p>\n\n\n\n<p>Fuente: <a href=\"https:\/\/www.sanpedroinforma.com.ar\/nota\/124223\/sociedad\/alicia-galfaso-la-victima-no-se-suicida-por-la-pandemia.html\">San Pedro Informa<\/a><\/p>\n","protected":false},"excerpt":{"rendered":"<p>La titular de la Brigada PAE habl\u00f3 en el aire de FM G\u00e9nesis. Se refiri\u00f3 a los efectos de la pandemia ante la sociedad y el preocupante aumento de suicidios en la ciudad. Las consecuencias sociales originadas por la pandemia es una problem\u00e1tica que va en aumento. La comunidad vive horas de mucha angustia y [&hellip;]<\/p>\n","protected":false},"author":4,"featured_media":93686,"comment_status":"open","ping_status":"closed","sticky":false,"template":"","format":"standard","meta":{"om_disable_all_campaigns":false,"_jetpack_memberships_contains_paid_content":false,"footnotes":""},"categories":[50,101,2],"tags":[],"class_list":["post-93685","post","type-post","status-publish","format-standard","has-post-thumbnail","hentry","category-destacadas","category-interes-general-locales","category-locales"],"aioseo_notices":[],"gutentor_comment":0,"jetpack_featured_media_url":"https:\/\/eldiariodesanpedro.com.ar\/sitio\/wp-content\/uploads\/2021\/06\/000091763.jpg","jetpack_shortlink":"https:\/\/wp.me\/p6RhLt-on3","jetpack_sharing_enabled":true,"_links":{"self":[{"href":"https:\/\/eldiariodesanpedro.com.ar\/sitio\/wp-json\/wp\/v2\/posts\/93685","targetHints":{"allow":["GET"]}}],"collection":[{"href":"https:\/\/eldiariodesanpedro.com.ar\/sitio\/wp-json\/wp\/v2\/posts"}],"about":[{"href":"https:\/\/eldiariodesanpedro.com.ar\/sitio\/wp-json\/wp\/v2\/types\/post"}],"author":[{"embeddable":true,"href":"https:\/\/eldiariodesanpedro.com.ar\/sitio\/wp-json\/wp\/v2\/users\/4"}],"replies":[{"embeddable":true,"href":"https:\/\/eldiariodesanpedro.com.ar\/sitio\/wp-json\/wp\/v2\/comments?post=93685"}],"version-history":[{"count":1,"href":"https:\/\/eldiariodesanpedro.com.ar\/sitio\/wp-json\/wp\/v2\/posts\/93685\/revisions"}],"predecessor-version":[{"id":93687,"href":"https:\/\/eldiariodesanpedro.com.ar\/sitio\/wp-json\/wp\/v2\/posts\/93685\/revisions\/93687"}],"wp:featuredmedia":[{"embeddable":true,"href":"https:\/\/eldiariodesanpedro.com.ar\/sitio\/wp-json\/wp\/v2\/media\/93686"}],"wp:attachment":[{"href":"https:\/\/eldiariodesanpedro.com.ar\/sitio\/wp-json\/wp\/v2\/media?parent=93685"}],"wp:term":[{"taxonomy":"category","embeddable":true,"href":"https:\/\/eldiariodesanpedro.com.ar\/sitio\/wp-json\/wp\/v2\/categories?post=93685"},{"taxonomy":"post_tag","embeddable":true,"href":"https:\/\/eldiariodesanpedro.com.ar\/sitio\/wp-json\/wp\/v2\/tags?post=93685"}],"curies":[{"name":"wp","href":"https:\/\/api.w.org\/{rel}","templated":true}]}}