{"id":93681,"date":"2021-06-04T09:12:03","date_gmt":"2021-06-04T12:12:03","guid":{"rendered":"https:\/\/eldiariodesanpedro.com.ar\/sitio\/?p=93681"},"modified":"2021-06-04T09:12:07","modified_gmt":"2021-06-04T12:12:07","slug":"se-recibieron-3600-dosis-de-astrazeneca-que-garantizan-la-vacunacion-hasta-el-11-de-junio","status":"publish","type":"post","link":"https:\/\/eldiariodesanpedro.com.ar\/sitio\/se-recibieron-3600-dosis-de-astrazeneca-que-garantizan-la-vacunacion-hasta-el-11-de-junio\/","title":{"rendered":"Se recibieron 3600 dosis de AstraZeneca  que garantizan la vacunaci\u00f3n hasta el 11 de Junio"},"content":{"rendered":"<!-- VideographyWP Plugin Message: Automatic video embedding prevented by plugin options. -->\n\n<p>La Municipalidad de San Pedro informa que con el acompa\u00f1amiento de un m\u00f3vil policial fueron entregadas esta ma\u00f1ana 3600 nuevas dosis (para primera aplicaci\u00f3n) de la vacuna AstraZeneca en la posta sanitaria que funciona en el Club de Jubilados.<\/p>\n\n\n\n<p><em>Las mismas son incorporadas a la campa\u00f1a que prosigue con la asignaci\u00f3n diaria de turnos y que est\u00e1 emitiendo notificaciones ya confirmadas, hasta el pr\u00f3ximo 11 de junio con la aplicaci\u00f3n de 440 dosis por jornada.<\/em><\/p>\n\n\n\n<p>Se recuerda que la inscripci\u00f3n es IMPRESCINDIBLE para poder ser incluido en el diagrama del Ministerio de Salud y que se puede realizar a trav\u00e9s del sitio web <strong><a href=\"https:\/\/vacunatepba.gba.gob.ar\/\">https:\/\/vacunatepba.gba.gob.ar\/<\/a><\/strong> o solicitando asistencia en el Punto de Informaci\u00f3n y Vacunaci\u00f3n en el Club de Jubilados (Salta y 9 de Julio) de lunes a domingos de 8 a 17.<\/p>\n\n\n\n<figure class=\"wp-block-image size-large\"><img decoding=\"async\" width=\"1024\" height=\"576\" data-attachment-id=\"93683\" data-permalink=\"https:\/\/eldiariodesanpedro.com.ar\/sitio\/se-recibieron-3600-dosis-de-astrazeneca-que-garantizan-la-vacunacion-hasta-el-11-de-junio\/whatsapp-image-2021-06-04-at-09-02-11\/\" data-orig-file=\"https:\/\/eldiariodesanpedro.com.ar\/sitio\/wp-content\/uploads\/2021\/06\/WhatsApp-Image-2021-06-04-at-09.02.11.jpeg\" data-orig-size=\"1280,720\" data-comments-opened=\"1\" data-image-meta=\"{&quot;aperture&quot;:&quot;0&quot;,&quot;credit&quot;:&quot;&quot;,&quot;camera&quot;:&quot;&quot;,&quot;caption&quot;:&quot;&quot;,&quot;created_timestamp&quot;:&quot;0&quot;,&quot;copyright&quot;:&quot;&quot;,&quot;focal_length&quot;:&quot;0&quot;,&quot;iso&quot;:&quot;0&quot;,&quot;shutter_speed&quot;:&quot;0&quot;,&quot;title&quot;:&quot;&quot;,&quot;orientation&quot;:&quot;0&quot;}\" data-image-title=\"WhatsApp Image 2021-06-04 at 09.02.11\" data-image-description=\"\" data-image-caption=\"\" data-large-file=\"https:\/\/eldiariodesanpedro.com.ar\/sitio\/wp-content\/uploads\/2021\/06\/WhatsApp-Image-2021-06-04-at-09.02.11-1024x576.jpeg\" data-src=\"https:\/\/eldiariodesanpedro.com.ar\/sitio\/wp-content\/uploads\/2021\/06\/WhatsApp-Image-2021-06-04-at-09.02.11-1024x576.jpeg\" alt=\"\" class=\"wp-image-93683 lazyload\" data-srcset=\"https:\/\/eldiariodesanpedro.com.ar\/sitio\/wp-content\/uploads\/2021\/06\/WhatsApp-Image-2021-06-04-at-09.02.11-1024x576.jpeg 1024w, https:\/\/eldiariodesanpedro.com.ar\/sitio\/wp-content\/uploads\/2021\/06\/WhatsApp-Image-2021-06-04-at-09.02.11-300x169.jpeg 300w, https:\/\/eldiariodesanpedro.com.ar\/sitio\/wp-content\/uploads\/2021\/06\/WhatsApp-Image-2021-06-04-at-09.02.11-768x432.jpeg 768w, https:\/\/eldiariodesanpedro.com.ar\/sitio\/wp-content\/uploads\/2021\/06\/WhatsApp-Image-2021-06-04-at-09.02.11-800x450.jpeg 800w, https:\/\/eldiariodesanpedro.com.ar\/sitio\/wp-content\/uploads\/2021\/06\/WhatsApp-Image-2021-06-04-at-09.02.11.jpeg 1280w\" data-sizes=\"(max-width: 1024px) 100vw, 1024px\" src=\"data:image\/svg+xml;base64,PHN2ZyB3aWR0aD0iMSIgaGVpZ2h0PSIxIiB4bWxucz0iaHR0cDovL3d3dy53My5vcmcvMjAwMC9zdmciPjwvc3ZnPg==\" style=\"--smush-placeholder-width: 1024px; --smush-placeholder-aspect-ratio: 1024\/576;\" \/><\/figure>\n","protected":false},"excerpt":{"rendered":"<p>La Municipalidad de San Pedro informa que con el acompa\u00f1amiento de un m\u00f3vil policial fueron entregadas esta ma\u00f1ana 3600 nuevas dosis (para primera aplicaci\u00f3n) de la vacuna AstraZeneca en la posta sanitaria que funciona en el Club de Jubilados. Las mismas son incorporadas a la campa\u00f1a que prosigue con la asignaci\u00f3n diaria de turnos y [&hellip;]<\/p>\n","protected":false},"author":4,"featured_media":93682,"comment_status":"open","ping_status":"closed","sticky":false,"template":"","format":"standard","meta":{"om_disable_all_campaigns":false,"_jetpack_memberships_contains_paid_content":false,"footnotes":""},"categories":[50,101,2],"tags":[],"class_list":["post-93681","post","type-post","status-publish","format-standard","has-post-thumbnail","hentry","category-destacadas","category-interes-general-locales","category-locales"],"aioseo_notices":[],"gutentor_comment":0,"jetpack_featured_media_url":"https:\/\/eldiariodesanpedro.com.ar\/sitio\/wp-content\/uploads\/2021\/06\/WhatsApp-Image-2021-06-04-at-09.02.09.jpeg","jetpack_shortlink":"https:\/\/wp.me\/p6RhLt-omZ","jetpack_sharing_enabled":true,"_links":{"self":[{"href":"https:\/\/eldiariodesanpedro.com.ar\/sitio\/wp-json\/wp\/v2\/posts\/93681","targetHints":{"allow":["GET"]}}],"collection":[{"href":"https:\/\/eldiariodesanpedro.com.ar\/sitio\/wp-json\/wp\/v2\/posts"}],"about":[{"href":"https:\/\/eldiariodesanpedro.com.ar\/sitio\/wp-json\/wp\/v2\/types\/post"}],"author":[{"embeddable":true,"href":"https:\/\/eldiariodesanpedro.com.ar\/sitio\/wp-json\/wp\/v2\/users\/4"}],"replies":[{"embeddable":true,"href":"https:\/\/eldiariodesanpedro.com.ar\/sitio\/wp-json\/wp\/v2\/comments?post=93681"}],"version-history":[{"count":1,"href":"https:\/\/eldiariodesanpedro.com.ar\/sitio\/wp-json\/wp\/v2\/posts\/93681\/revisions"}],"predecessor-version":[{"id":93684,"href":"https:\/\/eldiariodesanpedro.com.ar\/sitio\/wp-json\/wp\/v2\/posts\/93681\/revisions\/93684"}],"wp:featuredmedia":[{"embeddable":true,"href":"https:\/\/eldiariodesanpedro.com.ar\/sitio\/wp-json\/wp\/v2\/media\/93682"}],"wp:attachment":[{"href":"https:\/\/eldiariodesanpedro.com.ar\/sitio\/wp-json\/wp\/v2\/media?parent=93681"}],"wp:term":[{"taxonomy":"category","embeddable":true,"href":"https:\/\/eldiariodesanpedro.com.ar\/sitio\/wp-json\/wp\/v2\/categories?post=93681"},{"taxonomy":"post_tag","embeddable":true,"href":"https:\/\/eldiariodesanpedro.com.ar\/sitio\/wp-json\/wp\/v2\/tags?post=93681"}],"curies":[{"name":"wp","href":"https:\/\/api.w.org\/{rel}","templated":true}]}}