{"id":93675,"date":"2021-06-03T21:44:17","date_gmt":"2021-06-04T00:44:17","guid":{"rendered":"https:\/\/eldiariodesanpedro.com.ar\/sitio\/?p=93675"},"modified":"2021-06-03T21:44:21","modified_gmt":"2021-06-04T00:44:21","slug":"fallecio-ricardo-martin-de-coronavirus","status":"publish","type":"post","link":"https:\/\/eldiariodesanpedro.com.ar\/sitio\/fallecio-ricardo-martin-de-coronavirus\/","title":{"rendered":"Falleci\u00f3 Ricardo Mart\u00edn de coronavirus"},"content":{"rendered":"<!-- VideographyWP Plugin Message: Automatic video embedding prevented by plugin options. -->\n\n<p>La Secretar\u00eda de Salud de la informa el fallecimiento del Sr. Ricardo Mart\u00edn de 56 a\u00f1os de edad, internado con  19 positivo en la UTI de Cl\u00ednica Privada.<\/p>\n\n\n\n<p>Padre el reconocido cantante de nuestra ciudad Claudio Martin. <\/p>\n\n\n\n<p>Compartimos las  condolencias con sus familiares y seres queridos en este doloroso momento*<\/p>\n","protected":false},"excerpt":{"rendered":"<p>La Secretar\u00eda de Salud de la informa el fallecimiento del Sr. Ricardo Mart\u00edn de 56 a\u00f1os de edad, internado con 19 positivo en la UTI de Cl\u00ednica Privada. Padre el reconocido cantante de nuestra ciudad Claudio Martin. Compartimos las condolencias con sus familiares y seres queridos en este doloroso momento*<\/p>\n","protected":false},"author":4,"featured_media":93678,"comment_status":"open","ping_status":"closed","sticky":false,"template":"","format":"standard","meta":{"om_disable_all_campaigns":false,"_jetpack_memberships_contains_paid_content":false,"footnotes":""},"categories":[50,101,2],"tags":[],"class_list":["post-93675","post","type-post","status-publish","format-standard","has-post-thumbnail","hentry","category-destacadas","category-interes-general-locales","category-locales"],"aioseo_notices":[],"gutentor_comment":0,"jetpack_featured_media_url":"https:\/\/eldiariodesanpedro.com.ar\/sitio\/wp-content\/uploads\/2021\/06\/195874628_2293991890737246_1896563927126199361_n.jpg","jetpack_shortlink":"https:\/\/wp.me\/p6RhLt-omT","jetpack_sharing_enabled":true,"_links":{"self":[{"href":"https:\/\/eldiariodesanpedro.com.ar\/sitio\/wp-json\/wp\/v2\/posts\/93675","targetHints":{"allow":["GET"]}}],"collection":[{"href":"https:\/\/eldiariodesanpedro.com.ar\/sitio\/wp-json\/wp\/v2\/posts"}],"about":[{"href":"https:\/\/eldiariodesanpedro.com.ar\/sitio\/wp-json\/wp\/v2\/types\/post"}],"author":[{"embeddable":true,"href":"https:\/\/eldiariodesanpedro.com.ar\/sitio\/wp-json\/wp\/v2\/users\/4"}],"replies":[{"embeddable":true,"href":"https:\/\/eldiariodesanpedro.com.ar\/sitio\/wp-json\/wp\/v2\/comments?post=93675"}],"version-history":[{"count":1,"href":"https:\/\/eldiariodesanpedro.com.ar\/sitio\/wp-json\/wp\/v2\/posts\/93675\/revisions"}],"predecessor-version":[{"id":93676,"href":"https:\/\/eldiariodesanpedro.com.ar\/sitio\/wp-json\/wp\/v2\/posts\/93675\/revisions\/93676"}],"wp:featuredmedia":[{"embeddable":true,"href":"https:\/\/eldiariodesanpedro.com.ar\/sitio\/wp-json\/wp\/v2\/media\/93678"}],"wp:attachment":[{"href":"https:\/\/eldiariodesanpedro.com.ar\/sitio\/wp-json\/wp\/v2\/media?parent=93675"}],"wp:term":[{"taxonomy":"category","embeddable":true,"href":"https:\/\/eldiariodesanpedro.com.ar\/sitio\/wp-json\/wp\/v2\/categories?post=93675"},{"taxonomy":"post_tag","embeddable":true,"href":"https:\/\/eldiariodesanpedro.com.ar\/sitio\/wp-json\/wp\/v2\/tags?post=93675"}],"curies":[{"name":"wp","href":"https:\/\/api.w.org\/{rel}","templated":true}]}}