{"id":93659,"date":"2021-06-03T18:59:36","date_gmt":"2021-06-03T21:59:36","guid":{"rendered":"https:\/\/eldiariodesanpedro.com.ar\/sitio\/?p=93659"},"modified":"2021-06-03T18:59:40","modified_gmt":"2021-06-03T21:59:40","slug":"robaron-un-televisor-y-una-garrafa","status":"publish","type":"post","link":"https:\/\/eldiariodesanpedro.com.ar\/sitio\/robaron-un-televisor-y-una-garrafa\/","title":{"rendered":"Robaron un televisor y una garrafa"},"content":{"rendered":"<!-- VideographyWP Plugin Message: Automatic video embedding prevented by plugin options. -->\n\n<p>El d\u00eda de ayer se realizo una denuncia por parte de un masculino de 31 a\u00f1os de edad, que declar\u00f3 que en horas de la ma\u00f1ana autores ignorados en ausencia de moradores, ingresaron a su domicilio ubicado en calle La Laguna al 100, previo da\u00f1ar puerta y sustrajeron TV\u00a0 junto a una garrafa de 10 kg, <\/p>\n\n\n\n<p>Polic\u00eda realiza la investigaci\u00f3n con intervenci\u00f3n de la fiscal\u00eda local.<\/p>\n","protected":false},"excerpt":{"rendered":"<p>El d\u00eda de ayer se realizo una denuncia por parte de un masculino de 31 a\u00f1os de edad, que declar\u00f3 que en horas de la ma\u00f1ana autores ignorados en ausencia de moradores, ingresaron a su domicilio ubicado en calle La Laguna al 100, previo da\u00f1ar puerta y sustrajeron TV\u00a0 junto a una garrafa de 10 [&hellip;]<\/p>\n","protected":false},"author":4,"featured_media":78843,"comment_status":"open","ping_status":"closed","sticky":false,"template":"","format":"standard","meta":{"om_disable_all_campaigns":false,"_jetpack_memberships_contains_paid_content":false,"footnotes":""},"categories":[2,103],"tags":[],"class_list":["post-93659","post","type-post","status-publish","format-standard","has-post-thumbnail","hentry","category-locales","category-policiales-locales"],"aioseo_notices":[],"gutentor_comment":0,"jetpack_featured_media_url":"https:\/\/eldiariodesanpedro.com.ar\/sitio\/wp-content\/uploads\/2020\/08\/0.jpg","jetpack_shortlink":"https:\/\/wp.me\/p6RhLt-omD","jetpack_sharing_enabled":true,"_links":{"self":[{"href":"https:\/\/eldiariodesanpedro.com.ar\/sitio\/wp-json\/wp\/v2\/posts\/93659","targetHints":{"allow":["GET"]}}],"collection":[{"href":"https:\/\/eldiariodesanpedro.com.ar\/sitio\/wp-json\/wp\/v2\/posts"}],"about":[{"href":"https:\/\/eldiariodesanpedro.com.ar\/sitio\/wp-json\/wp\/v2\/types\/post"}],"author":[{"embeddable":true,"href":"https:\/\/eldiariodesanpedro.com.ar\/sitio\/wp-json\/wp\/v2\/users\/4"}],"replies":[{"embeddable":true,"href":"https:\/\/eldiariodesanpedro.com.ar\/sitio\/wp-json\/wp\/v2\/comments?post=93659"}],"version-history":[{"count":1,"href":"https:\/\/eldiariodesanpedro.com.ar\/sitio\/wp-json\/wp\/v2\/posts\/93659\/revisions"}],"predecessor-version":[{"id":93660,"href":"https:\/\/eldiariodesanpedro.com.ar\/sitio\/wp-json\/wp\/v2\/posts\/93659\/revisions\/93660"}],"wp:featuredmedia":[{"embeddable":true,"href":"https:\/\/eldiariodesanpedro.com.ar\/sitio\/wp-json\/wp\/v2\/media\/78843"}],"wp:attachment":[{"href":"https:\/\/eldiariodesanpedro.com.ar\/sitio\/wp-json\/wp\/v2\/media?parent=93659"}],"wp:term":[{"taxonomy":"category","embeddable":true,"href":"https:\/\/eldiariodesanpedro.com.ar\/sitio\/wp-json\/wp\/v2\/categories?post=93659"},{"taxonomy":"post_tag","embeddable":true,"href":"https:\/\/eldiariodesanpedro.com.ar\/sitio\/wp-json\/wp\/v2\/tags?post=93659"}],"curies":[{"name":"wp","href":"https:\/\/api.w.org\/{rel}","templated":true}]}}