{"id":93648,"date":"2021-06-03T13:14:09","date_gmt":"2021-06-03T16:14:09","guid":{"rendered":"https:\/\/eldiariodesanpedro.com.ar\/sitio\/?p=93648"},"modified":"2021-06-03T13:14:13","modified_gmt":"2021-06-03T16:14:13","slug":"maria-del-rosario-salazar-de-80-anos-es-la-segunda-victima-del-dia-de-hoy","status":"publish","type":"post","link":"https:\/\/eldiariodesanpedro.com.ar\/sitio\/maria-del-rosario-salazar-de-80-anos-es-la-segunda-victima-del-dia-de-hoy\/","title":{"rendered":"Mar\u00eda del Rosario Salazar de 80 a\u00f1os, es la segunda victima del d\u00eda de hoy"},"content":{"rendered":"<!-- VideographyWP Plugin Message: Automatic video embedding prevented by plugin options. -->\n\n<p>La Secretar\u00eda de Salud informa el fallecimiento de la Sra. <strong>Mar\u00eda del Rosario Salazar de 80 a\u00f1os<\/strong>, internada en cl\u00ednica privada con un cuadro de Covid-19 positivo.<\/p>\n\n\n\n<p>Compartimos las condolencias con sus familiares y seres queridos en este doloroso momento.<\/p>\n","protected":false},"excerpt":{"rendered":"<p>La Secretar\u00eda de Salud informa el fallecimiento de la Sra. Mar\u00eda del Rosario Salazar de 80 a\u00f1os, internada en cl\u00ednica privada con un cuadro de Covid-19 positivo. Compartimos las condolencias con sus familiares y seres queridos en este doloroso momento.<\/p>\n","protected":false},"author":4,"featured_media":86026,"comment_status":"open","ping_status":"closed","sticky":false,"template":"","format":"standard","meta":{"om_disable_all_campaigns":false,"_jetpack_memberships_contains_paid_content":false,"footnotes":""},"categories":[50,101,2],"tags":[],"class_list":["post-93648","post","type-post","status-publish","format-standard","has-post-thumbnail","hentry","category-destacadas","category-interes-general-locales","category-locales"],"aioseo_notices":[],"gutentor_comment":0,"jetpack_featured_media_url":"https:\/\/eldiariodesanpedro.com.ar\/sitio\/wp-content\/uploads\/2021\/01\/coronavirus-los-numeros-la-nochebuena-y-navidad_658x400.jpg","jetpack_shortlink":"https:\/\/wp.me\/p6RhLt-oms","jetpack_sharing_enabled":true,"_links":{"self":[{"href":"https:\/\/eldiariodesanpedro.com.ar\/sitio\/wp-json\/wp\/v2\/posts\/93648","targetHints":{"allow":["GET"]}}],"collection":[{"href":"https:\/\/eldiariodesanpedro.com.ar\/sitio\/wp-json\/wp\/v2\/posts"}],"about":[{"href":"https:\/\/eldiariodesanpedro.com.ar\/sitio\/wp-json\/wp\/v2\/types\/post"}],"author":[{"embeddable":true,"href":"https:\/\/eldiariodesanpedro.com.ar\/sitio\/wp-json\/wp\/v2\/users\/4"}],"replies":[{"embeddable":true,"href":"https:\/\/eldiariodesanpedro.com.ar\/sitio\/wp-json\/wp\/v2\/comments?post=93648"}],"version-history":[{"count":1,"href":"https:\/\/eldiariodesanpedro.com.ar\/sitio\/wp-json\/wp\/v2\/posts\/93648\/revisions"}],"predecessor-version":[{"id":93649,"href":"https:\/\/eldiariodesanpedro.com.ar\/sitio\/wp-json\/wp\/v2\/posts\/93648\/revisions\/93649"}],"wp:featuredmedia":[{"embeddable":true,"href":"https:\/\/eldiariodesanpedro.com.ar\/sitio\/wp-json\/wp\/v2\/media\/86026"}],"wp:attachment":[{"href":"https:\/\/eldiariodesanpedro.com.ar\/sitio\/wp-json\/wp\/v2\/media?parent=93648"}],"wp:term":[{"taxonomy":"category","embeddable":true,"href":"https:\/\/eldiariodesanpedro.com.ar\/sitio\/wp-json\/wp\/v2\/categories?post=93648"},{"taxonomy":"post_tag","embeddable":true,"href":"https:\/\/eldiariodesanpedro.com.ar\/sitio\/wp-json\/wp\/v2\/tags?post=93648"}],"curies":[{"name":"wp","href":"https:\/\/api.w.org\/{rel}","templated":true}]}}