{"id":93644,"date":"2021-06-03T12:57:10","date_gmt":"2021-06-03T15:57:10","guid":{"rendered":"https:\/\/eldiariodesanpedro.com.ar\/sitio\/?p=93644"},"modified":"2021-06-03T19:06:03","modified_gmt":"2021-06-03T22:06:03","slug":"comenzo-el-dragado-en-el-puerto-san-pedro","status":"publish","type":"post","link":"https:\/\/eldiariodesanpedro.com.ar\/sitio\/comenzo-el-dragado-en-el-puerto-san-pedro\/","title":{"rendered":"Comenz\u00f3 el dragado en el Puerto San Pedro"},"content":{"rendered":"<!-- VideographyWP Plugin Message: Automatic video embedding prevented by plugin options. -->\n\n<p>Hoy comenz\u00f3 a realizar tareas en el Puerto de San Pedro, la draga \u00abAfonso de Albuquerque\u201d, perteneciente a la empresa Compa\u00f1\u00eda Sudamericana, que cumplir\u00e1 con lo proyectado para la profundizaci\u00f3n y &nbsp;ensanches en el canal de acceso.<\/p>\n\n\n\n<p>Para concretar esta trascendente mejora en la operatividad del Puerto de San Pedro, el Consorcio cont\u00f3 como siempre con el acompa\u00f1amiento del Intendente Cecilio Salazar, la Subsecretar\u00eda de Asuntos Portuarios a cargo de Juan Cruz Lucero y el Ministro de la Producci\u00f3n Augusto Costa, entendiendo la importancia y la necesidad de cumplir con el objetivo trazado a la brevedad posible, ante las circunstancias generales que provoca la bajante y las excelentes perspectivas de la temporada.<\/p>\n\n\n\n<p>Esta ma\u00f1ana, el Secretario de Coordinaci\u00f3n de la Municipalidad de San Pedro Dr. Ram\u00f3n Salazar y el Secretario de Gobierno Silvio Corti (representante del Intendente en el Directorio del Consorcio), recorrieron junto al Presidente del Consorcio Eliseo Almada y al representante de FEMPINIRA en directorio, Diego Balcaza, la zona en la que se comenzaron a realizar las primeras tareas.<\/p>\n\n\n\n<p>Almada se\u00f1al\u00f3 que el dragado es \u00abla obra m\u00e1s importante para garantizar la previsibilidad de la operatoria\u00bb y remarc\u00f3 que por segundo a\u00f1o consecutivo se ha podido hacer frente a esta inversi\u00f3n con fondos propios, cumpliendo adem\u00e1s con el plan establecido tras el dragado del a\u00f1o pasado, para no s\u00f3lo aumentar la profundidad del vaso portuario sino tambi\u00e9n realizar tareas de ensanche en el canal de acceso que otorgan seguridad y favorecen el aprovechamiento m\u00e1ximo de cada carga para cumplir con las toneladas previstas por las empresas que realizan las operaciones. &nbsp;<\/p>\n\n\n\n<p>Durante los pr\u00f3ximos 7 d\u00edas, la draga convertir\u00e1 los 9.20 (al cero) que hoy ofrece el Puerto a 9.60.&nbsp; Ante la hist\u00f3rica bajante que registra el R\u00edo Paran\u00e1, contar con estas determinaciones de carga brinda la seguridad que las exportaciones planificadas, requieren y si las condiciones hidrol\u00f3gicas mejoran, esa capacidad se incrementa exponencialmente. En este sentido el presidente del Consorcio tambi\u00e9n agradeci\u00f3 el acompa\u00f1amiento y el compromiso de todos los miembros del directorio que tienen un papel fundamental en la toma de decisiones y en el respaldo a este momento de crecimiento que atraviesa nuestro puerto.<\/p>\n\n\n\n<p>La draga que est\u00e1 realizando estos trabajos cuenta con un sistema de filtrado de gases que logra una reducci\u00f3n del 99 por ciento de las part\u00edculas residuales de la combusti\u00f3n y &nbsp;es considerada una draga que produce emisiones sumamente bajas, y que adem\u00e1s resultan amigables y poco da\u00f1inas para el medioambiente.<\/p>\n\n\n\n<p>Tanto el Presidente del Consorcio como el Secretario de Coordinaci\u00f3n de la Municipalidad que particip\u00f3 de la recorrida destacaron el compromiso de las autoridades provinciales, desde el Gobernador hasta los funcionarios del Ministerio de la Producci\u00f3n y de la Subsecretar\u00eda de Asuntos Portuarios para seguir fortaleciendo el desarrollo del Puerto de San Pedro, que adem\u00e1s contin\u00faa desarrollando importantes novedades para el mediano y largo plazo, siempre con el objetivo de generar movimiento en la regi\u00f3n y fundamentalmente centenares de puestos de trabajo, directos e indirectos, que son fundamentales en la econom\u00eda sampedrina.<\/p>\n\n\n\n<figure class=\"wp-block-image size-large\"><img decoding=\"async\" width=\"1024\" height=\"576\" data-attachment-id=\"93664\" data-permalink=\"https:\/\/eldiariodesanpedro.com.ar\/sitio\/comenzo-el-dragado-en-el-puerto-san-pedro\/dragado0306-5\/\" data-orig-file=\"https:\/\/eldiariodesanpedro.com.ar\/sitio\/wp-content\/uploads\/2021\/06\/DRAGADO0306-5.jpg\" data-orig-size=\"1280,720\" data-comments-opened=\"1\" data-image-meta=\"{&quot;aperture&quot;:&quot;0&quot;,&quot;credit&quot;:&quot;&quot;,&quot;camera&quot;:&quot;&quot;,&quot;caption&quot;:&quot;&quot;,&quot;created_timestamp&quot;:&quot;0&quot;,&quot;copyright&quot;:&quot;&quot;,&quot;focal_length&quot;:&quot;0&quot;,&quot;iso&quot;:&quot;0&quot;,&quot;shutter_speed&quot;:&quot;0&quot;,&quot;title&quot;:&quot;&quot;,&quot;orientation&quot;:&quot;0&quot;}\" data-image-title=\"DRAGADO0306-5\" data-image-description=\"\" data-image-caption=\"\" data-large-file=\"https:\/\/eldiariodesanpedro.com.ar\/sitio\/wp-content\/uploads\/2021\/06\/DRAGADO0306-5-1024x576.jpg\" data-src=\"https:\/\/eldiariodesanpedro.com.ar\/sitio\/wp-content\/uploads\/2021\/06\/DRAGADO0306-5-1024x576.jpg\" alt=\"\" class=\"wp-image-93664 lazyload\" data-srcset=\"https:\/\/eldiariodesanpedro.com.ar\/sitio\/wp-content\/uploads\/2021\/06\/DRAGADO0306-5-1024x576.jpg 1024w, https:\/\/eldiariodesanpedro.com.ar\/sitio\/wp-content\/uploads\/2021\/06\/DRAGADO0306-5-300x169.jpg 300w, https:\/\/eldiariodesanpedro.com.ar\/sitio\/wp-content\/uploads\/2021\/06\/DRAGADO0306-5-768x432.jpg 768w, https:\/\/eldiariodesanpedro.com.ar\/sitio\/wp-content\/uploads\/2021\/06\/DRAGADO0306-5-800x450.jpg 800w, https:\/\/eldiariodesanpedro.com.ar\/sitio\/wp-content\/uploads\/2021\/06\/DRAGADO0306-5.jpg 1280w\" data-sizes=\"(max-width: 1024px) 100vw, 1024px\" src=\"data:image\/svg+xml;base64,PHN2ZyB3aWR0aD0iMSIgaGVpZ2h0PSIxIiB4bWxucz0iaHR0cDovL3d3dy53My5vcmcvMjAwMC9zdmciPjwvc3ZnPg==\" style=\"--smush-placeholder-width: 1024px; --smush-placeholder-aspect-ratio: 1024\/576;\" \/><\/figure>\n\n\n\n<figure class=\"wp-block-image size-large\"><img decoding=\"async\" width=\"1024\" height=\"682\" data-attachment-id=\"93665\" data-permalink=\"https:\/\/eldiariodesanpedro.com.ar\/sitio\/comenzo-el-dragado-en-el-puerto-san-pedro\/dragado0306-6\/\" data-orig-file=\"https:\/\/eldiariodesanpedro.com.ar\/sitio\/wp-content\/uploads\/2021\/06\/DRAGADO0306-6.jpg\" data-orig-size=\"1280,853\" data-comments-opened=\"1\" data-image-meta=\"{&quot;aperture&quot;:&quot;0&quot;,&quot;credit&quot;:&quot;&quot;,&quot;camera&quot;:&quot;&quot;,&quot;caption&quot;:&quot;&quot;,&quot;created_timestamp&quot;:&quot;0&quot;,&quot;copyright&quot;:&quot;&quot;,&quot;focal_length&quot;:&quot;0&quot;,&quot;iso&quot;:&quot;0&quot;,&quot;shutter_speed&quot;:&quot;0&quot;,&quot;title&quot;:&quot;&quot;,&quot;orientation&quot;:&quot;0&quot;}\" data-image-title=\"DRAGADO0306-6\" data-image-description=\"\" data-image-caption=\"\" data-large-file=\"https:\/\/eldiariodesanpedro.com.ar\/sitio\/wp-content\/uploads\/2021\/06\/DRAGADO0306-6-1024x682.jpg\" data-src=\"https:\/\/eldiariodesanpedro.com.ar\/sitio\/wp-content\/uploads\/2021\/06\/DRAGADO0306-6-1024x682.jpg\" alt=\"\" class=\"wp-image-93665 lazyload\" data-srcset=\"https:\/\/eldiariodesanpedro.com.ar\/sitio\/wp-content\/uploads\/2021\/06\/DRAGADO0306-6-1024x682.jpg 1024w, https:\/\/eldiariodesanpedro.com.ar\/sitio\/wp-content\/uploads\/2021\/06\/DRAGADO0306-6-300x200.jpg 300w, https:\/\/eldiariodesanpedro.com.ar\/sitio\/wp-content\/uploads\/2021\/06\/DRAGADO0306-6-768x512.jpg 768w, https:\/\/eldiariodesanpedro.com.ar\/sitio\/wp-content\/uploads\/2021\/06\/DRAGADO0306-6.jpg 1280w\" data-sizes=\"(max-width: 1024px) 100vw, 1024px\" src=\"data:image\/svg+xml;base64,PHN2ZyB3aWR0aD0iMSIgaGVpZ2h0PSIxIiB4bWxucz0iaHR0cDovL3d3dy53My5vcmcvMjAwMC9zdmciPjwvc3ZnPg==\" style=\"--smush-placeholder-width: 1024px; --smush-placeholder-aspect-ratio: 1024\/682;\" \/><\/figure>\n\n\n\n<figure class=\"wp-block-image size-large\"><img decoding=\"async\" width=\"1024\" height=\"668\" data-attachment-id=\"93666\" data-permalink=\"https:\/\/eldiariodesanpedro.com.ar\/sitio\/comenzo-el-dragado-en-el-puerto-san-pedro\/dragado0306-13\/\" data-orig-file=\"https:\/\/eldiariodesanpedro.com.ar\/sitio\/wp-content\/uploads\/2021\/06\/DRAGADO0306-13.jpg\" data-orig-size=\"1280,835\" data-comments-opened=\"1\" data-image-meta=\"{&quot;aperture&quot;:&quot;0&quot;,&quot;credit&quot;:&quot;&quot;,&quot;camera&quot;:&quot;&quot;,&quot;caption&quot;:&quot;&quot;,&quot;created_timestamp&quot;:&quot;0&quot;,&quot;copyright&quot;:&quot;&quot;,&quot;focal_length&quot;:&quot;0&quot;,&quot;iso&quot;:&quot;0&quot;,&quot;shutter_speed&quot;:&quot;0&quot;,&quot;title&quot;:&quot;&quot;,&quot;orientation&quot;:&quot;0&quot;}\" data-image-title=\"DRAGADO0306 (13)\" data-image-description=\"\" data-image-caption=\"\" data-large-file=\"https:\/\/eldiariodesanpedro.com.ar\/sitio\/wp-content\/uploads\/2021\/06\/DRAGADO0306-13-1024x668.jpg\" data-src=\"https:\/\/eldiariodesanpedro.com.ar\/sitio\/wp-content\/uploads\/2021\/06\/DRAGADO0306-13-1024x668.jpg\" alt=\"\" class=\"wp-image-93666 lazyload\" data-srcset=\"https:\/\/eldiariodesanpedro.com.ar\/sitio\/wp-content\/uploads\/2021\/06\/DRAGADO0306-13-1024x668.jpg 1024w, https:\/\/eldiariodesanpedro.com.ar\/sitio\/wp-content\/uploads\/2021\/06\/DRAGADO0306-13-300x196.jpg 300w, https:\/\/eldiariodesanpedro.com.ar\/sitio\/wp-content\/uploads\/2021\/06\/DRAGADO0306-13-768x501.jpg 768w, https:\/\/eldiariodesanpedro.com.ar\/sitio\/wp-content\/uploads\/2021\/06\/DRAGADO0306-13.jpg 1280w\" data-sizes=\"(max-width: 1024px) 100vw, 1024px\" src=\"data:image\/svg+xml;base64,PHN2ZyB3aWR0aD0iMSIgaGVpZ2h0PSIxIiB4bWxucz0iaHR0cDovL3d3dy53My5vcmcvMjAwMC9zdmciPjwvc3ZnPg==\" style=\"--smush-placeholder-width: 1024px; --smush-placeholder-aspect-ratio: 1024\/668;\" \/><\/figure>\n","protected":false},"excerpt":{"rendered":"<p>Hoy comenz\u00f3 a realizar tareas en el Puerto de San Pedro, la draga \u00abAfonso de Albuquerque\u201d, perteneciente a la empresa Compa\u00f1\u00eda Sudamericana, que cumplir\u00e1 con lo proyectado para la profundizaci\u00f3n y &nbsp;ensanches en el canal de acceso. Para concretar esta trascendente mejora en la operatividad del Puerto de San Pedro, el Consorcio cont\u00f3 como siempre [&hellip;]<\/p>\n","protected":false},"author":4,"featured_media":93667,"comment_status":"open","ping_status":"closed","sticky":false,"template":"","format":"standard","meta":{"om_disable_all_campaigns":false,"_jetpack_memberships_contains_paid_content":false,"footnotes":""},"categories":[50,101,2],"tags":[],"class_list":["post-93644","post","type-post","status-publish","format-standard","has-post-thumbnail","hentry","category-destacadas","category-interes-general-locales","category-locales"],"aioseo_notices":[],"gutentor_comment":0,"jetpack_featured_media_url":"https:\/\/eldiariodesanpedro.com.ar\/sitio\/wp-content\/uploads\/2021\/06\/DRAGADO0306-12.jpg","jetpack_shortlink":"https:\/\/wp.me\/p6RhLt-omo","jetpack_sharing_enabled":true,"_links":{"self":[{"href":"https:\/\/eldiariodesanpedro.com.ar\/sitio\/wp-json\/wp\/v2\/posts\/93644","targetHints":{"allow":["GET"]}}],"collection":[{"href":"https:\/\/eldiariodesanpedro.com.ar\/sitio\/wp-json\/wp\/v2\/posts"}],"about":[{"href":"https:\/\/eldiariodesanpedro.com.ar\/sitio\/wp-json\/wp\/v2\/types\/post"}],"author":[{"embeddable":true,"href":"https:\/\/eldiariodesanpedro.com.ar\/sitio\/wp-json\/wp\/v2\/users\/4"}],"replies":[{"embeddable":true,"href":"https:\/\/eldiariodesanpedro.com.ar\/sitio\/wp-json\/wp\/v2\/comments?post=93644"}],"version-history":[{"count":3,"href":"https:\/\/eldiariodesanpedro.com.ar\/sitio\/wp-json\/wp\/v2\/posts\/93644\/revisions"}],"predecessor-version":[{"id":93668,"href":"https:\/\/eldiariodesanpedro.com.ar\/sitio\/wp-json\/wp\/v2\/posts\/93644\/revisions\/93668"}],"wp:featuredmedia":[{"embeddable":true,"href":"https:\/\/eldiariodesanpedro.com.ar\/sitio\/wp-json\/wp\/v2\/media\/93667"}],"wp:attachment":[{"href":"https:\/\/eldiariodesanpedro.com.ar\/sitio\/wp-json\/wp\/v2\/media?parent=93644"}],"wp:term":[{"taxonomy":"category","embeddable":true,"href":"https:\/\/eldiariodesanpedro.com.ar\/sitio\/wp-json\/wp\/v2\/categories?post=93644"},{"taxonomy":"post_tag","embeddable":true,"href":"https:\/\/eldiariodesanpedro.com.ar\/sitio\/wp-json\/wp\/v2\/tags?post=93644"}],"curies":[{"name":"wp","href":"https:\/\/api.w.org\/{rel}","templated":true}]}}