{"id":93637,"date":"2021-06-03T11:29:04","date_gmt":"2021-06-03T14:29:04","guid":{"rendered":"https:\/\/eldiariodesanpedro.com.ar\/sitio\/?p=93637"},"modified":"2021-06-03T11:29:11","modified_gmt":"2021-06-03T14:29:11","slug":"se-cumplen-6-anos-del-movimiento-ni-una-menos","status":"publish","type":"post","link":"https:\/\/eldiariodesanpedro.com.ar\/sitio\/se-cumplen-6-anos-del-movimiento-ni-una-menos\/","title":{"rendered":"Se cumplen 6 a\u00f1os del movimiento \u00abNi Una Menos\u00bb"},"content":{"rendered":"<!-- VideographyWP Plugin Message: Automatic video embedding prevented by plugin options. -->\n\n<p>La marcha del 2015 fue un antes y un despu\u00e9s para las mujeres en la Argentina y en el mundo. Despu\u00e9s de 30 a\u00f1os la convocatoria para pedir pol\u00edticas que prevengan los femicidios se volvi\u00f3 una asamblea abierta para contar las historias de violencia de g\u00e9nero. A partir de ah\u00ed la liberaci\u00f3n de la palabra recorri\u00f3 el mundo con el <a href=\"https:\/\/www.facebook.com\/hashtag\/metoo?__eep__=6&amp;__cft__[0]=AZUOrkMKOGsN7tYyeWeQpIf-Esk9YLkTj3JWP-E6vaKt-qUSzaivWzJv7VXbOtlryn8LahtmXTlW98fFrslVeG_e8cTCmmQk492e4igwx1zVePSA-zWfv3kx2-s2XdHqj28SJIN8MkEcPTFma7AESowg&amp;__tn__=*NK-R\">#MeToo<\/a> y <a href=\"https:\/\/www.facebook.com\/hashtag\/yotecreohermana?__eep__=6&amp;__cft__[0]=AZUOrkMKOGsN7tYyeWeQpIf-Esk9YLkTj3JWP-E6vaKt-qUSzaivWzJv7VXbOtlryn8LahtmXTlW98fFrslVeG_e8cTCmmQk492e4igwx1zVePSA-zWfv3kx2-s2XdHqj28SJIN8MkEcPTFma7AESowg&amp;__tn__=*NK-R\">#YoTeCreoHermana<\/a>.<\/p>\n\n\n\n<p>Las \u00faltimas cifras oficiales sobre femicidios, difundidas el fin de semana por la Oficina de la Mujer de la Corte, revelan que el a\u00f1o pasado hubo 251 v\u00edctimas, es decir, hubo al menos 251 hombres que mataron mujeres y trans travestis.<\/p>\n","protected":false},"excerpt":{"rendered":"<p>La marcha del 2015 fue un antes y un despu\u00e9s para las mujeres en la Argentina y en el mundo. Despu\u00e9s de 30 a\u00f1os la convocatoria para pedir pol\u00edticas que prevengan los femicidios se volvi\u00f3 una asamblea abierta para contar las historias de violencia de g\u00e9nero. A partir de ah\u00ed la liberaci\u00f3n de la palabra [&hellip;]<\/p>\n","protected":false},"author":4,"featured_media":93638,"comment_status":"open","ping_status":"closed","sticky":false,"template":"","format":"standard","meta":{"om_disable_all_campaigns":false,"_jetpack_memberships_contains_paid_content":false,"footnotes":""},"categories":[621],"tags":[],"class_list":["post-93637","post","type-post","status-publish","format-standard","has-post-thumbnail","hentry","category-regionales"],"aioseo_notices":[],"gutentor_comment":0,"jetpack_featured_media_url":"https:\/\/eldiariodesanpedro.com.ar\/sitio\/wp-content\/uploads\/2021\/06\/arton198708-e1622730512811.jpg","jetpack_shortlink":"https:\/\/wp.me\/p6RhLt-omh","jetpack_sharing_enabled":true,"_links":{"self":[{"href":"https:\/\/eldiariodesanpedro.com.ar\/sitio\/wp-json\/wp\/v2\/posts\/93637","targetHints":{"allow":["GET"]}}],"collection":[{"href":"https:\/\/eldiariodesanpedro.com.ar\/sitio\/wp-json\/wp\/v2\/posts"}],"about":[{"href":"https:\/\/eldiariodesanpedro.com.ar\/sitio\/wp-json\/wp\/v2\/types\/post"}],"author":[{"embeddable":true,"href":"https:\/\/eldiariodesanpedro.com.ar\/sitio\/wp-json\/wp\/v2\/users\/4"}],"replies":[{"embeddable":true,"href":"https:\/\/eldiariodesanpedro.com.ar\/sitio\/wp-json\/wp\/v2\/comments?post=93637"}],"version-history":[{"count":1,"href":"https:\/\/eldiariodesanpedro.com.ar\/sitio\/wp-json\/wp\/v2\/posts\/93637\/revisions"}],"predecessor-version":[{"id":93639,"href":"https:\/\/eldiariodesanpedro.com.ar\/sitio\/wp-json\/wp\/v2\/posts\/93637\/revisions\/93639"}],"wp:featuredmedia":[{"embeddable":true,"href":"https:\/\/eldiariodesanpedro.com.ar\/sitio\/wp-json\/wp\/v2\/media\/93638"}],"wp:attachment":[{"href":"https:\/\/eldiariodesanpedro.com.ar\/sitio\/wp-json\/wp\/v2\/media?parent=93637"}],"wp:term":[{"taxonomy":"category","embeddable":true,"href":"https:\/\/eldiariodesanpedro.com.ar\/sitio\/wp-json\/wp\/v2\/categories?post=93637"},{"taxonomy":"post_tag","embeddable":true,"href":"https:\/\/eldiariodesanpedro.com.ar\/sitio\/wp-json\/wp\/v2\/tags?post=93637"}],"curies":[{"name":"wp","href":"https:\/\/api.w.org\/{rel}","templated":true}]}}