{"id":93632,"date":"2021-06-03T11:06:09","date_gmt":"2021-06-03T14:06:09","guid":{"rendered":"https:\/\/eldiariodesanpedro.com.ar\/sitio\/?p=93632"},"modified":"2021-06-03T11:09:43","modified_gmt":"2021-06-03T14:09:43","slug":"edicto-de-prescripcion-de-vazquez-federico-damian-c-serrano-jose-y-otro-a-s-prescripsion-adquisitiva-vicenal-usucapion-expte-no-14123-2014","status":"publish","type":"post","link":"https:\/\/eldiariodesanpedro.com.ar\/sitio\/edicto-de-prescripcion-de-vazquez-federico-damian-c-serrano-jose-y-otro-a-s-prescripsion-adquisitiva-vicenal-usucapion-expte-no-14123-2014\/","title":{"rendered":"Edicto de Prescripcion de Vazquez Federico Damian c\/ Serrano Jose y otro\/a s\/ prescripsion adquisitiva vicenal\/usucapion\\ (Expte. N\u00ba 14123\/2014)"},"content":{"rendered":"<!-- VideographyWP Plugin Message: Automatic video embedding prevented by plugin options. -->\n\n<p>El Juzgado de 1\u00ba Instancia en lo Civil y Comercial N\u00ba 3, Secretar\u00eda \u00danica de San Nicol\u00e1s, a cargo de la Dr. Esteban Luis Magni en los autos caratulados:\u00a0<strong>\\VAZQUEZ FEDERICO DAMIAN C\/ SERRANO JOSE Y OTRO\/A S\/ PRESCRIPCION ADQUISITIVA VICENAL\/USUCAPION\\ (Expte. N\u00ba 14123\/2014)\u00a0<\/strong>ha ordenado citar por edictos a los demandados de autos Jos\u00e9 Serrano y Demetrio Gonz\u00e1lez y\/o sus herederos y\/o quienes se consideren con derechos sobre los inmuebles objeto de autos cuya denominaci\u00f3n son: Circ. XIX, Secci\u00f3n A, Manzana 49, Parcela 7, Partida Inmobiliaria: 3130, y Circ. XIX, Secci\u00f3n A, Manzana 49, Parcela 10 Partida Inmobiliaria 4133, ambos de la localidad de Santa Luc\u00eda, Provincia. Buenos Aires para que, comparezcan a contestar la demanda interpuesta en su contra, la que tramitar\u00e1 seg\u00fan las normas del proceso sumario bajo apercibimiento de design\u00e1rseles defensor en la persona del Defensor Oficial de Pobres y Ausentes con quien se entender\u00e1n las actuaciones (Arts. 145, 146, 147, 341, 320 y 681 y Ccs. del CPCC).-<\/p>\n\n\n\n<p>Dra. Antonela Yael Carcuro<br>Auxiliar Letrado<\/p>\n","protected":false},"excerpt":{"rendered":"<p>El Juzgado de 1\u00ba Instancia en lo Civil y Comercial N\u00ba 3, Secretar\u00eda \u00danica de San Nicol\u00e1s, a cargo de la Dr. Esteban Luis Magni en los autos caratulados:\u00a0\\VAZQUEZ FEDERICO DAMIAN C\/ SERRANO JOSE Y OTRO\/A S\/ PRESCRIPCION ADQUISITIVA VICENAL\/USUCAPION\\ (Expte. N\u00ba 14123\/2014)\u00a0ha ordenado citar por edictos a los demandados de autos Jos\u00e9 Serrano y [&hellip;]<\/p>\n","protected":false},"author":4,"featured_media":81115,"comment_status":"open","ping_status":"closed","sticky":false,"template":"","format":"standard","meta":{"om_disable_all_campaigns":false,"_jetpack_memberships_contains_paid_content":false,"footnotes":""},"categories":[676,1124,621],"tags":[],"class_list":["post-93632","post","type-post","status-publish","format-standard","has-post-thumbnail","hentry","category-edictos","category-edictos-especiales","category-regionales"],"aioseo_notices":[],"gutentor_comment":0,"jetpack_featured_media_url":"https:\/\/eldiariodesanpedro.com.ar\/sitio\/wp-content\/uploads\/2020\/09\/Poder-Judicial.jpg","jetpack_shortlink":"https:\/\/wp.me\/p6RhLt-omc","jetpack_sharing_enabled":true,"_links":{"self":[{"href":"https:\/\/eldiariodesanpedro.com.ar\/sitio\/wp-json\/wp\/v2\/posts\/93632","targetHints":{"allow":["GET"]}}],"collection":[{"href":"https:\/\/eldiariodesanpedro.com.ar\/sitio\/wp-json\/wp\/v2\/posts"}],"about":[{"href":"https:\/\/eldiariodesanpedro.com.ar\/sitio\/wp-json\/wp\/v2\/types\/post"}],"author":[{"embeddable":true,"href":"https:\/\/eldiariodesanpedro.com.ar\/sitio\/wp-json\/wp\/v2\/users\/4"}],"replies":[{"embeddable":true,"href":"https:\/\/eldiariodesanpedro.com.ar\/sitio\/wp-json\/wp\/v2\/comments?post=93632"}],"version-history":[{"count":2,"href":"https:\/\/eldiariodesanpedro.com.ar\/sitio\/wp-json\/wp\/v2\/posts\/93632\/revisions"}],"predecessor-version":[{"id":93634,"href":"https:\/\/eldiariodesanpedro.com.ar\/sitio\/wp-json\/wp\/v2\/posts\/93632\/revisions\/93634"}],"wp:featuredmedia":[{"embeddable":true,"href":"https:\/\/eldiariodesanpedro.com.ar\/sitio\/wp-json\/wp\/v2\/media\/81115"}],"wp:attachment":[{"href":"https:\/\/eldiariodesanpedro.com.ar\/sitio\/wp-json\/wp\/v2\/media?parent=93632"}],"wp:term":[{"taxonomy":"category","embeddable":true,"href":"https:\/\/eldiariodesanpedro.com.ar\/sitio\/wp-json\/wp\/v2\/categories?post=93632"},{"taxonomy":"post_tag","embeddable":true,"href":"https:\/\/eldiariodesanpedro.com.ar\/sitio\/wp-json\/wp\/v2\/tags?post=93632"}],"curies":[{"name":"wp","href":"https:\/\/api.w.org\/{rel}","templated":true}]}}