{"id":93622,"date":"2021-06-03T10:33:40","date_gmt":"2021-06-03T13:33:40","guid":{"rendered":"https:\/\/eldiariodesanpedro.com.ar\/sitio\/?p=93622"},"modified":"2021-06-03T10:33:50","modified_gmt":"2021-06-03T13:33:50","slug":"baradero-el-intendente-sanzio-presento-a-alberto-fernandez-una-inversion-que-generara-500-puestos-de-trabajo","status":"publish","type":"post","link":"https:\/\/eldiariodesanpedro.com.ar\/sitio\/baradero-el-intendente-sanzio-presento-a-alberto-fernandez-una-inversion-que-generara-500-puestos-de-trabajo\/","title":{"rendered":"BARADERO | El intendente Sanzio present\u00f3 a Alberto Fern\u00e1ndez una inversi\u00f3n que generar\u00e1 500 puestos de trabajo"},"content":{"rendered":"<!-- VideographyWP Plugin Message: Automatic video embedding prevented by plugin options. -->\n\n<p>El anuncio fue este mi\u00e9rcoles por la tarde en Casa Rosada. All\u00ed el intendente arrib\u00f3 junto a Jos\u00e9 Luis Alonso, CEO de la empresa Mirgor; Mario \u201cPaco\u201d Manrique, secretario general adjunto de SMATA; Laura Avalos, secretaria de Relaciones Institucionales del SMATA; representantes de Toyota Argentina, parte de su gabinete, el presidente del HCD y los presidentes de bloque.<\/p>\n\n\n\n<p>El proyecto ONTEC de Mirgor consta en la construcci\u00f3n de una planta para la producci\u00f3n de piezas especiales de apariencia para la industria automotriz en la nueva Zona Industrial II de Baradero. El municipio logr\u00f3 convalidar este nuevo Polo Industrial en enero de 2021 y as\u00ed el intendente Sanzio fue quien pudo garantizar las condiciones necesarias para la radicaci\u00f3n de empresas en el cruce de Ruta Nacional N\u00b09 y Ruta Provincial N\u00b0 41, en donde ya se encuentra construyendo la empresa ExtraGas.<\/p>\n\n\n\n<p>El presidente estuvo acompa\u00f1ado por el secretario de Industria, Econom\u00eda del Conocimiento y Gesti\u00f3n Comercial, Ariel Schale; el secretario de Culto, Guillermo Oliveri y en representaci\u00f3n del gobierno de la provincia estuvo el&nbsp;ministro de Producci\u00f3n, Ciencia e Innovaci\u00f3n Tecnol\u00f3gica de la Provincia de Buenos Aires,&nbsp;Augusto Costa.<\/p>\n\n\n\n<p>El proyecto prev\u00e9 la incorporaci\u00f3n de 100 nuevos empleos directos en 2022 cuando comience la primera etapa. Adem\u00e1s, ONTEC cuenta con el&nbsp;potencial de incorporar hasta 500 nuevos empleos en el s\u00e9ptimo a\u00f1o del proyecto.<\/p>\n\n\n\n<p>La puesta en marcha de ONTEC requerir\u00e1 el desarrollo de una inversi\u00f3n de U$D 16 millones de d\u00f3lares entre 2022 y 2023; y se estima que para el a\u00f1o 2025 la inversi\u00f3n seria de 71 millones de d\u00f3lares. Mirgor destinar\u00e1 esta financiaci\u00f3n a la construcci\u00f3n de la planta industrial y a la instalaci\u00f3n de l\u00edneas de acabados superficiales. El sitio industrial contar\u00e1 con equipamiento con tecnolog\u00edas de punta, laboratorios de testeo y centros de formaci\u00f3n.<\/p>\n\n\n\n<p>Las piezas se producir\u00e1n en Baradero, y se combinar\u00e1n luego con sensores y m\u00f3dulos electr\u00f3nicos de alta complejidad, producidos en las plantas de Mirgor en R\u00edo Grande, Tierra del Fuego. El montaje final de ambas partes y la entrega a terminales automotrices se har\u00e1 desde Baradero.<\/p>\n\n\n\n<p>En un plan a largo plazo y escalable, ONTEC de Mirgor tiene planificado el desarrollo de acuerdos con instituciones educativas para la realizaci\u00f3n de programas de formaci\u00f3n en mec\u00e1nica, ergonom\u00eda, electr\u00f3nica y software, junto con la implementaci\u00f3n de pasant\u00edas con escuelas t\u00e9cnicas de la zona.<\/p>\n\n\n\n<p>El proyecto cuenta con la capacidad de sustituir importaciones por hasta U$D 25 millones de d\u00f3lares anuales.<\/p>\n\n\n\n<p>Mirgor ya est\u00e1 trabajando en alianzas internacionales y planes para la generaci\u00f3n de nuevos clientes que implicar\u00e1n la realizaci\u00f3n de exportaciones directas al Mercosur y al mundo.<\/p>\n\n\n\n<p>Fuente: <a href=\"https:\/\/www.baraderoteinforma.com.ar\/crece-la-industria-en-baradero-el-intendente-esteban-sanzio-presento-al-presidente-alberto-fernandez-una-inversion-que-generara-500-puestos-de-trabajo\/\">Baradero te Informa<\/a><\/p>\n","protected":false},"excerpt":{"rendered":"<p>El anuncio fue este mi\u00e9rcoles por la tarde en Casa Rosada. All\u00ed el intendente arrib\u00f3 junto a Jos\u00e9 Luis Alonso, CEO de la empresa Mirgor; Mario \u201cPaco\u201d Manrique, secretario general adjunto de SMATA; Laura Avalos, secretaria de Relaciones Institucionales del SMATA; representantes de Toyota Argentina, parte de su gabinete, el presidente del HCD y los [&hellip;]<\/p>\n","protected":false},"author":4,"featured_media":93623,"comment_status":"open","ping_status":"closed","sticky":false,"template":"","format":"standard","meta":{"om_disable_all_campaigns":false,"_jetpack_memberships_contains_paid_content":false,"footnotes":""},"categories":[2],"tags":[],"class_list":["post-93622","post","type-post","status-publish","format-standard","has-post-thumbnail","hentry","category-locales"],"aioseo_notices":[],"gutentor_comment":0,"jetpack_featured_media_url":"https:\/\/eldiariodesanpedro.com.ar\/sitio\/wp-content\/uploads\/2021\/06\/Sanzio-con-el-presidente-Alberto-Fernandez-industria-1.jpg","jetpack_shortlink":"https:\/\/wp.me\/p6RhLt-om2","jetpack_sharing_enabled":true,"_links":{"self":[{"href":"https:\/\/eldiariodesanpedro.com.ar\/sitio\/wp-json\/wp\/v2\/posts\/93622","targetHints":{"allow":["GET"]}}],"collection":[{"href":"https:\/\/eldiariodesanpedro.com.ar\/sitio\/wp-json\/wp\/v2\/posts"}],"about":[{"href":"https:\/\/eldiariodesanpedro.com.ar\/sitio\/wp-json\/wp\/v2\/types\/post"}],"author":[{"embeddable":true,"href":"https:\/\/eldiariodesanpedro.com.ar\/sitio\/wp-json\/wp\/v2\/users\/4"}],"replies":[{"embeddable":true,"href":"https:\/\/eldiariodesanpedro.com.ar\/sitio\/wp-json\/wp\/v2\/comments?post=93622"}],"version-history":[{"count":1,"href":"https:\/\/eldiariodesanpedro.com.ar\/sitio\/wp-json\/wp\/v2\/posts\/93622\/revisions"}],"predecessor-version":[{"id":93624,"href":"https:\/\/eldiariodesanpedro.com.ar\/sitio\/wp-json\/wp\/v2\/posts\/93622\/revisions\/93624"}],"wp:featuredmedia":[{"embeddable":true,"href":"https:\/\/eldiariodesanpedro.com.ar\/sitio\/wp-json\/wp\/v2\/media\/93623"}],"wp:attachment":[{"href":"https:\/\/eldiariodesanpedro.com.ar\/sitio\/wp-json\/wp\/v2\/media?parent=93622"}],"wp:term":[{"taxonomy":"category","embeddable":true,"href":"https:\/\/eldiariodesanpedro.com.ar\/sitio\/wp-json\/wp\/v2\/categories?post=93622"},{"taxonomy":"post_tag","embeddable":true,"href":"https:\/\/eldiariodesanpedro.com.ar\/sitio\/wp-json\/wp\/v2\/tags?post=93622"}],"curies":[{"name":"wp","href":"https:\/\/api.w.org\/{rel}","templated":true}]}}