{"id":93619,"date":"2021-06-03T10:28:48","date_gmt":"2021-06-03T13:28:48","guid":{"rendered":"https:\/\/eldiariodesanpedro.com.ar\/sitio\/?p=93619"},"modified":"2021-06-03T10:28:52","modified_gmt":"2021-06-03T13:28:52","slug":"san-nicolas-se-pidio-juicio-politico-contra-passaglia","status":"publish","type":"post","link":"https:\/\/eldiariodesanpedro.com.ar\/sitio\/san-nicolas-se-pidio-juicio-politico-contra-passaglia\/","title":{"rendered":"SAN NICOL\u00c1S | se pidi\u00f3 juicio pol\u00edtico contra Passaglia"},"content":{"rendered":"<!-- VideographyWP Plugin Message: Automatic video embedding prevented by plugin options. -->\n\n<p>El Partido Justicialista de San Nicol\u00e1s inform\u00f3 este mi\u00e9rcoles el pedido de destituci\u00f3n del intendente local&nbsp;<strong>Manuel Passaglia<\/strong>, quien pertenece a Juntos por el Cambio. El titular del espacio,&nbsp;<strong>Rub\u00e9n Andino<\/strong>, lo confirm\u00f3 ante los medios.<\/p>\n\n\n\n<p>Resulta como motivo principal el incre\u00edble faltante de unos 390 millones de pesos de los que ning\u00fan tipo de explicaci\u00f3n acerca de ello. \u00abRecibimos en estos meses muchas inquietudes y denuncias de afiliados y vecinos sobre violaciones institucionales del intendente Passaglia\u00bb, sentenci\u00f3 Andino.<\/p>\n\n\n\n<p>Passaglia present\u00f3 el pedido de juicio pol\u00edtico del intendente de San Nicol\u00e1s \u00abcon el prop\u00f3sito de detener el sistem\u00e1tico quebrantamiento al Estado de Derecho\u00bb. Ya que, asevera que no hay ning\u00fan estilo de preuba que justifique ello.<\/p>\n\n\n\n<p>\u00abEn el car\u00e1cter invocado, vengo a promover Juicio Pol\u00edtico al Se\u00f1or Intendente Municipal de esta Localidad, Contador Manuel Passaglia, con el prop\u00f3sito de detener el sistem\u00e1tico quebrantamiento al Estado de Derecho, que provocan las desacertadas acciones y resoluciones en raz\u00f3n de su cargo; muchos en forma unilateral, otros con el consentimiento de algunos de sus utilitarios funcionarios, que abalan absurdos administrativos o jur\u00eddicos\u00bb, comienza el escrito que present\u00f3 Andino ante el Concejo Deliberante local.<\/p>\n\n\n\n<p>\u00abEl intendente de ordenar desalojos sin fallos de la Justicia, ha desviado fondos de Educaci\u00f3n, por ejemplo, a otra \u00e1reas, cuando ese dinero ya estaba asignado en el presupuesto aprobado por el Consejo\u00bb, explic\u00f3.<\/p>\n\n\n\n<p>En las extensas 24 p\u00e1ginas del pedido de juicio pol\u00edtico, Andino cita varios hechos ocurridos en la gesti\u00f3n de Passaglia como la retenci\u00f3n indebida de aportes, suspensi\u00f3n y cesant\u00eda sin justa causa de trabajadores municipales, desv\u00edo de fondos p\u00fablicos, contribuyentes afectados por la inconstitucionalidad del aumento de tasas, violencia institucional, destrucci\u00f3n del Patrimonio Municipal y degradaci\u00f3n del medioambiente, entre otros.<\/p>\n\n\n\n<p>\u00abEn franca violaci\u00f3n al sistema Republicano, al Estado de Derecho, Abuso de Poder y Violencia Institucional, el denunciado Funcionario Municipal, intendente Manuel Passaglia, avasalla sistem\u00e1ticamente sobre los derechos m\u00e1s elementales de las personas, e incumple con sus obligaciones de funcionario P\u00fablico. Son m\u00faltiples y de todo tipo, las transgresiones practicadas en raz\u00f3n de su cargo, algunas de ellas, tipificadas como delitos en nuestro C\u00f3digo Penal de fondo, como abandono de persona, desobediencia a una resoluci\u00f3n de la Justicia, y connivencia con las fuerzas de Seguridad Provincial al Mando del Comisario Cabral\u00bb, expuso Andino.<\/p>\n\n\n\n<p>Fuente: <a href=\"http:\/\/www.ramallociudad.com.ar\/nota.asp?id=162589&amp;t=San-Nicolas-se-pidio-juicio-politico-contra-Passaglia\">Ramallo Ciudad<\/a><\/p>\n","protected":false},"excerpt":{"rendered":"<p>El Partido Justicialista de San Nicol\u00e1s inform\u00f3 este mi\u00e9rcoles el pedido de destituci\u00f3n del intendente local&nbsp;Manuel Passaglia, quien pertenece a Juntos por el Cambio. El titular del espacio,&nbsp;Rub\u00e9n Andino, lo confirm\u00f3 ante los medios. Resulta como motivo principal el incre\u00edble faltante de unos 390 millones de pesos de los que ning\u00fan tipo de explicaci\u00f3n acerca [&hellip;]<\/p>\n","protected":false},"author":4,"featured_media":93620,"comment_status":"open","ping_status":"closed","sticky":false,"template":"","format":"standard","meta":{"om_disable_all_campaigns":false,"_jetpack_memberships_contains_paid_content":false,"footnotes":""},"categories":[621],"tags":[],"class_list":["post-93619","post","type-post","status-publish","format-standard","has-post-thumbnail","hentry","category-regionales"],"aioseo_notices":[],"gutentor_comment":0,"jetpack_featured_media_url":"https:\/\/eldiariodesanpedro.com.ar\/sitio\/wp-content\/uploads\/2021\/06\/bbx_966909314_1_asdy9qwhd.jpg","jetpack_shortlink":"https:\/\/wp.me\/p6RhLt-olZ","jetpack_sharing_enabled":true,"_links":{"self":[{"href":"https:\/\/eldiariodesanpedro.com.ar\/sitio\/wp-json\/wp\/v2\/posts\/93619","targetHints":{"allow":["GET"]}}],"collection":[{"href":"https:\/\/eldiariodesanpedro.com.ar\/sitio\/wp-json\/wp\/v2\/posts"}],"about":[{"href":"https:\/\/eldiariodesanpedro.com.ar\/sitio\/wp-json\/wp\/v2\/types\/post"}],"author":[{"embeddable":true,"href":"https:\/\/eldiariodesanpedro.com.ar\/sitio\/wp-json\/wp\/v2\/users\/4"}],"replies":[{"embeddable":true,"href":"https:\/\/eldiariodesanpedro.com.ar\/sitio\/wp-json\/wp\/v2\/comments?post=93619"}],"version-history":[{"count":1,"href":"https:\/\/eldiariodesanpedro.com.ar\/sitio\/wp-json\/wp\/v2\/posts\/93619\/revisions"}],"predecessor-version":[{"id":93621,"href":"https:\/\/eldiariodesanpedro.com.ar\/sitio\/wp-json\/wp\/v2\/posts\/93619\/revisions\/93621"}],"wp:featuredmedia":[{"embeddable":true,"href":"https:\/\/eldiariodesanpedro.com.ar\/sitio\/wp-json\/wp\/v2\/media\/93620"}],"wp:attachment":[{"href":"https:\/\/eldiariodesanpedro.com.ar\/sitio\/wp-json\/wp\/v2\/media?parent=93619"}],"wp:term":[{"taxonomy":"category","embeddable":true,"href":"https:\/\/eldiariodesanpedro.com.ar\/sitio\/wp-json\/wp\/v2\/categories?post=93619"},{"taxonomy":"post_tag","embeddable":true,"href":"https:\/\/eldiariodesanpedro.com.ar\/sitio\/wp-json\/wp\/v2\/tags?post=93619"}],"curies":[{"name":"wp","href":"https:\/\/api.w.org\/{rel}","templated":true}]}}