{"id":93616,"date":"2021-06-03T10:23:14","date_gmt":"2021-06-03T13:23:14","guid":{"rendered":"https:\/\/eldiariodesanpedro.com.ar\/sitio\/?p=93616"},"modified":"2021-06-03T10:23:18","modified_gmt":"2021-06-03T13:23:18","slug":"san-nicolas-impactante-robo-en-un-comercio-deportivo","status":"publish","type":"post","link":"https:\/\/eldiariodesanpedro.com.ar\/sitio\/san-nicolas-impactante-robo-en-un-comercio-deportivo\/","title":{"rendered":"SAN NICOL\u00c1S | Impactante robo en un comercio deportivo"},"content":{"rendered":"<!-- VideographyWP Plugin Message: Automatic video embedding prevented by plugin options. -->\n\n<p><strong>En la madrugada varios sujetos, tras levantar las rejas y quitarlas de sus gu\u00edas, entraron a robar en un comercio de indumentaria. Tras una investigaci\u00f3n del personal de la Comisar\u00eda Primera, sumado a las c\u00e1maras de monitoreo municipal, se logr\u00f3 llevar a cabo un allanamiento de urgencia en Am\u00e9rica al 500 y se secuestr\u00f3 parte del bot\u00edn, Adem\u00e1s se procedi\u00f3 a la aprehensi\u00f3n 4 j\u00f3venes y un menor de 17 a\u00f1os.<\/strong><\/p>\n\n\n\n<p><strong>Tras una investigaci\u00f3n del personal de la Comisar\u00eda Primera, sumado a las c\u00e1maras de monitoreo municipal, se logr\u00f3 llevar a cabo un allanamiento de urgencia en Am\u00e9rica al 500.<\/strong><\/p>\n\n\n\n<p>En el lugar se secuestr\u00f3 ocho rifles de aire comprimidos, doce ca\u00f1as de pesca, diecis\u00e9is reeles de pesca, cuatro pares de guantes de boxeo, cuatro pares de botines de f\u00fatbol, cuatro pares de zapatillas deportivas, seis linternas, once vendas el\u00e1sticas, dos rodilleras, once pares de medias, seis cajas de balines, una remera t\u00e9rmica, una balanza, doce remeras deportivas, dos mochilas, cuatro bolsos, un inflador y tres se\u00f1uelos de pesca.<strong>\u00a0Adem\u00e1s se procedi\u00f3 a la aprehensi\u00f3n 4 j\u00f3venes y un menor de 17 a\u00f1os.<\/strong><\/p>\n\n\n\n<p>Fuente: Diario El Norte<\/p>\n","protected":false},"excerpt":{"rendered":"<p>En la madrugada varios sujetos, tras levantar las rejas y quitarlas de sus gu\u00edas, entraron a robar en un comercio de indumentaria. Tras una investigaci\u00f3n del personal de la Comisar\u00eda Primera, sumado a las c\u00e1maras de monitoreo municipal, se logr\u00f3 llevar a cabo un allanamiento de urgencia en Am\u00e9rica al 500 y se secuestr\u00f3 parte [&hellip;]<\/p>\n","protected":false},"author":4,"featured_media":93617,"comment_status":"open","ping_status":"closed","sticky":false,"template":"","format":"standard","meta":{"om_disable_all_campaigns":false,"_jetpack_memberships_contains_paid_content":false,"footnotes":""},"categories":[621],"tags":[],"class_list":["post-93616","post","type-post","status-publish","format-standard","has-post-thumbnail","hentry","category-regionales"],"aioseo_notices":[],"gutentor_comment":0,"jetpack_featured_media_url":"https:\/\/eldiariodesanpedro.com.ar\/sitio\/wp-content\/uploads\/2021\/06\/WhatsApp-Image-2021-06-02-at-18.54.18-1-1068x802-1.jpeg","jetpack_shortlink":"https:\/\/wp.me\/p6RhLt-olW","jetpack_sharing_enabled":true,"_links":{"self":[{"href":"https:\/\/eldiariodesanpedro.com.ar\/sitio\/wp-json\/wp\/v2\/posts\/93616","targetHints":{"allow":["GET"]}}],"collection":[{"href":"https:\/\/eldiariodesanpedro.com.ar\/sitio\/wp-json\/wp\/v2\/posts"}],"about":[{"href":"https:\/\/eldiariodesanpedro.com.ar\/sitio\/wp-json\/wp\/v2\/types\/post"}],"author":[{"embeddable":true,"href":"https:\/\/eldiariodesanpedro.com.ar\/sitio\/wp-json\/wp\/v2\/users\/4"}],"replies":[{"embeddable":true,"href":"https:\/\/eldiariodesanpedro.com.ar\/sitio\/wp-json\/wp\/v2\/comments?post=93616"}],"version-history":[{"count":1,"href":"https:\/\/eldiariodesanpedro.com.ar\/sitio\/wp-json\/wp\/v2\/posts\/93616\/revisions"}],"predecessor-version":[{"id":93618,"href":"https:\/\/eldiariodesanpedro.com.ar\/sitio\/wp-json\/wp\/v2\/posts\/93616\/revisions\/93618"}],"wp:featuredmedia":[{"embeddable":true,"href":"https:\/\/eldiariodesanpedro.com.ar\/sitio\/wp-json\/wp\/v2\/media\/93617"}],"wp:attachment":[{"href":"https:\/\/eldiariodesanpedro.com.ar\/sitio\/wp-json\/wp\/v2\/media?parent=93616"}],"wp:term":[{"taxonomy":"category","embeddable":true,"href":"https:\/\/eldiariodesanpedro.com.ar\/sitio\/wp-json\/wp\/v2\/categories?post=93616"},{"taxonomy":"post_tag","embeddable":true,"href":"https:\/\/eldiariodesanpedro.com.ar\/sitio\/wp-json\/wp\/v2\/tags?post=93616"}],"curies":[{"name":"wp","href":"https:\/\/api.w.org\/{rel}","templated":true}]}}