{"id":93610,"date":"2021-06-03T10:00:08","date_gmt":"2021-06-03T13:00:08","guid":{"rendered":"https:\/\/eldiariodesanpedro.com.ar\/sitio\/?p=93610"},"modified":"2021-06-03T10:00:12","modified_gmt":"2021-06-03T13:00:12","slug":"confirmado-se-vota-el-12-de-septiembre-y-el-14-de-noviembre","status":"publish","type":"post","link":"https:\/\/eldiariodesanpedro.com.ar\/sitio\/confirmado-se-vota-el-12-de-septiembre-y-el-14-de-noviembre\/","title":{"rendered":"Confirmado: Se vota el 12 de septiembre y el 14 de noviembre"},"content":{"rendered":"<!-- VideographyWP Plugin Message: Automatic video embedding prevented by plugin options. -->\n\n<p>Con el apoyo del oficialismo y de la mayor\u00eda de la oposici\u00f3n, el Senado aprob\u00f3 esta tarde la postergaci\u00f3n de las PASO y las elecciones legislativas para el 12 de septiembre y 14 de noviembre, respectivamente.<\/p>\n\n\n\n<p>La postergaci\u00f3n de las PASO y las elecciones legislativos result\u00f3 un tr\u00e1mite ya que se lleg\u00f3 a la votaci\u00f3n con acuerdo entre los bloques para retrasar el llamado a votaci\u00f3n frente a la cr\u00edtica situaci\u00f3n sanitaria por la segunda ola de la pandemia de covid-19, a partir de un art\u00edculo clave que asegura que \u201cla presente ley no podr\u00e1 ser modificada ni derogada durante el a\u00f1o calendario\u201d.<\/p>\n\n\n\n<p>La norma, con la finalidad de garantizar un tiempo suficiente para el escrutinio definitivo de las PASO, propone reducir de 50 a 45 d\u00edas previos a la elecci\u00f3n general el plazo para proclamar los candidatos de cada espacio pol\u00edtico.&nbsp; La modificaci\u00f3n del cronograma electoral se aprob\u00f3 con con 55 votos a favor, 3 en contra y 2 abstenciones.<\/p>\n\n\n\n<p>Tras la aprobaci\u00f3n de la norma, el ministro del Interior, Wado de Pedro, destac\u00f3 \u201cla madurez y la predisposici\u00f3n\u201d de todas las fuerzas pol\u00edticas a acompa\u00f1ar la iniciativa. \u201c\u201cEsto nos permitir\u00e1 ganar cinco semanas y seguir avanzando con la campa\u00f1a de vacunaci\u00f3n m\u00e1s grande de la historia\u201d, afirm\u00f3 el ministro.<\/p>\n\n\n\n<p>La sesi\u00f3n estuvo parada durante m\u00e1s de veinte minutos porque, seg\u00fan informaron fuentes parlamentarias, no funcionaba el audio que se emit\u00eda desde el estrado del hemiciclo del Senado que en ese momento estaba ocupado por la presidenta provisional del cuerpo, la peronista santiague\u00f1a Claudia Ledesma Abdala de Zamora.<\/p>\n\n\n\n<p>Cuando se avanz\u00f3 sobre la discusi\u00f3n del proyecto para postergar las elecciones, el jefe de la bancada oficialista, el formose\u00f1o Jos\u00e9 Mayans, solicit\u00f3 que el tema sea votado sin discusi\u00f3n en virtud del acuerdo parlamentario que se hab\u00eda llegado con la oposici\u00f3n para respaldar el tema.<\/p>\n\n\n\n<p>\u201cVamos a obviar el debate por un acuerdo al que llegamos entre todas las bancadas, ya que este tema viene con acompa\u00f1amiento por unanimidad\u201d, remarc\u00f3 Mayans, ante el asentimiento de su coterr\u00e1neo, el presidente del interbloque de Juntos por el Cambio, Luis Naidenoff.<\/p>\n\n\n\n<p>La moci\u00f3n que super\u00f3 la votaci\u00f3n fue cuestionada por uno de los dos senadores que vot\u00f3 en contra, el peronista salte\u00f1o Juan Carlos Romero, un aliado de la bancada macrista, quien mencion\u00f3 que no estaba de acuerdo \u201ccon cambiar las reglas\u201d y enfatiz\u00f3: \u201cYa bastante nos cercenaron la palabra\u201d.<\/p>\n\n\n\n<p>\u201cLevantar la mano con 24 o 30 pantallas no es una votaci\u00f3n\u201d, insisti\u00f3 Romero, cuya postura fue acompa\u00f1ada en el voto negativo por su compa\u00f1era de interbloque, la neuquina Lucila Crexell.<\/p>\n\n\n\n<p>En tanto, quienes se abstuvieron fueron el representante de PRO de Entre R\u00edos, Alfredo De Angeli; y la riojana Clara Vega, que tambi\u00e9n integra el Interbloque Parlamentario Federal.<\/p>\n\n\n\n<p>Antes de que se tomara la decisi\u00f3n de suspender el debate, se hab\u00eda dispuesto una lista de oradores corta, que estaba conformada por la presidenta de la Comisi\u00f3n de Asuntos Constitucionales, la peronista santafecina Mar\u00eda de los \u00c1ngeles Sacnun; sus compa\u00f1eros de bancada, Mario Pais y Ana Almir\u00f3n; y los mencionados Naidenoff y Romero.<\/p>\n\n\n\n<p>Antes de que se pusiera el tema a votaci\u00f3n, fuentes del oficialismo hab\u00edan confirmado la presencia del ministro del Interior, Eduardo \u201cWado\u201d De Pedro, quien no lleg\u00f3 a acercarse al Senado de la Naci\u00f3n ante el apuro de los legisladores.<\/p>\n\n\n\n<p>De Pedro fue el funcionario que facilit\u00f3 el acuerdo con la oposici\u00f3n a trav\u00e9s de varias reuniones que mantuvo tambi\u00e9n con la C\u00e1mara Nacional Electoral y los apoderados de los partidos pol\u00edticos.<\/p>\n\n\n\n<p>En sus fundamentos, el proyecto que posterga por un mes el cronograma electoral plantea que \u201cel aplazamiento de la celebraci\u00f3n de los comicios a meses con temperaturas m\u00e1s elevadas permitir\u00e1 optimizar la ventilaci\u00f3n de los locales de votaci\u00f3n y la implementaci\u00f3n de los protocolos sanitarios\u201d.<\/p>\n\n\n\n<p>La iniciativa tambi\u00e9n hace referencia a que, \u201cdurante ese lapso de tiempo adicional, se continuar\u00e1 avanzando con la masiva campa\u00f1a de vacunaci\u00f3n que lleva adelante el Estado Nacional junto a las veinticuatro jurisdicciones, coadyuvando a un mejor cuidado de la mayor cantidad posible de argentinos y argentinas que deben cumplir con su deber c\u00edvico\u201d.<\/p>\n\n\n\n<p>Adem\u00e1s, el proyecto establece que esta reforma electoral \u201cno podr\u00e1 ser modificada ni derogada durante el a\u00f1o calendario en curso en tanto regula un derecho p\u00fablico subjetivo de los partidos pol\u00edticos, instituciones fundamentales del sistema democr\u00e1tico, a elegir sus candidatos a los cargos electivos previstos en la Constituci\u00f3n Nacional\u201d. (DIB) AL<\/p>\n","protected":false},"excerpt":{"rendered":"<p>Con el apoyo del oficialismo y de la mayor\u00eda de la oposici\u00f3n, el Senado aprob\u00f3 esta tarde la postergaci\u00f3n de las PASO y las elecciones legislativas para el 12 de septiembre y 14 de noviembre, respectivamente. La postergaci\u00f3n de las PASO y las elecciones legislativos result\u00f3 un tr\u00e1mite ya que se lleg\u00f3 a la votaci\u00f3n [&hellip;]<\/p>\n","protected":false},"author":4,"featured_media":93611,"comment_status":"open","ping_status":"closed","sticky":false,"template":"","format":"standard","meta":{"om_disable_all_campaigns":false,"_jetpack_memberships_contains_paid_content":false,"footnotes":""},"categories":[621],"tags":[],"class_list":["post-93610","post","type-post","status-publish","format-standard","has-post-thumbnail","hentry","category-regionales"],"aioseo_notices":[],"gutentor_comment":0,"jetpack_featured_media_url":"https:\/\/eldiariodesanpedro.com.ar\/sitio\/wp-content\/uploads\/2021\/06\/Senado-votacion-800x600-1.jpg","jetpack_shortlink":"https:\/\/wp.me\/p6RhLt-olQ","jetpack_sharing_enabled":true,"_links":{"self":[{"href":"https:\/\/eldiariodesanpedro.com.ar\/sitio\/wp-json\/wp\/v2\/posts\/93610","targetHints":{"allow":["GET"]}}],"collection":[{"href":"https:\/\/eldiariodesanpedro.com.ar\/sitio\/wp-json\/wp\/v2\/posts"}],"about":[{"href":"https:\/\/eldiariodesanpedro.com.ar\/sitio\/wp-json\/wp\/v2\/types\/post"}],"author":[{"embeddable":true,"href":"https:\/\/eldiariodesanpedro.com.ar\/sitio\/wp-json\/wp\/v2\/users\/4"}],"replies":[{"embeddable":true,"href":"https:\/\/eldiariodesanpedro.com.ar\/sitio\/wp-json\/wp\/v2\/comments?post=93610"}],"version-history":[{"count":1,"href":"https:\/\/eldiariodesanpedro.com.ar\/sitio\/wp-json\/wp\/v2\/posts\/93610\/revisions"}],"predecessor-version":[{"id":93612,"href":"https:\/\/eldiariodesanpedro.com.ar\/sitio\/wp-json\/wp\/v2\/posts\/93610\/revisions\/93612"}],"wp:featuredmedia":[{"embeddable":true,"href":"https:\/\/eldiariodesanpedro.com.ar\/sitio\/wp-json\/wp\/v2\/media\/93611"}],"wp:attachment":[{"href":"https:\/\/eldiariodesanpedro.com.ar\/sitio\/wp-json\/wp\/v2\/media?parent=93610"}],"wp:term":[{"taxonomy":"category","embeddable":true,"href":"https:\/\/eldiariodesanpedro.com.ar\/sitio\/wp-json\/wp\/v2\/categories?post=93610"},{"taxonomy":"post_tag","embeddable":true,"href":"https:\/\/eldiariodesanpedro.com.ar\/sitio\/wp-json\/wp\/v2\/tags?post=93610"}],"curies":[{"name":"wp","href":"https:\/\/api.w.org\/{rel}","templated":true}]}}