{"id":93596,"date":"2021-06-02T20:27:56","date_gmt":"2021-06-02T23:27:56","guid":{"rendered":"https:\/\/eldiariodesanpedro.com.ar\/sitio\/?p=93596"},"modified":"2021-06-02T20:53:48","modified_gmt":"2021-06-02T23:53:48","slug":"te-tendremos-siempre-con-nuestro-mejor-recuerdo-querido-nano","status":"publish","type":"post","link":"https:\/\/eldiariodesanpedro.com.ar\/sitio\/te-tendremos-siempre-con-nuestro-mejor-recuerdo-querido-nano\/","title":{"rendered":"\u00abTe tendremos siempre con nuestro mejor recuerdo, querido Nano\u00bb"},"content":{"rendered":"<!-- VideographyWP Plugin Message: Automatic video embedding prevented by plugin options. -->\n\n<p>Los integrantes de Juntos por el Cambio emitieron un comunicado en la jornada de hoy donde despiden de manera muy sentida al recientemente fallecido por coronavirus Fernando \u201cNano\u201d Cajide, por lo que dialogamos con una de sus principales referentes y amiga Ana Tiramonti quien nos coment\u00f3 sobre el gran ser humano y dedicado a la educaci\u00f3n que era el ex Consejero Escolar.<\/p>\n\n\n\n<p>\u201cNosotros quienes trabajamos hoy en Juntos por el Cambio somos un grupo de personas que viene de una amistad desde que \u00e9ramos todos j\u00f3venes, aunque en ese tiempo no hac\u00edamos pol\u00edtica solo \u00e9ramos un grupo de personas que se reun\u00eda para divertirse, la vida nos junt\u00f3 a\u00f1os atr\u00e1s cuando comenzamos a incursionar en esto de la pol\u00edtica y Nano fue uno de los que m\u00e1s pon\u00eda esfuerzo para que esto salga adelante\u201d.<\/p>\n\n\n\n<p>La actual concejal nos coment\u00f3 que \u201cen el 2011 comenzamos a trabajar este grupo de amigos que recorrimos las localidades y los barrios, todo a pulm\u00f3n, en ese a\u00f1o fue la primera vez que Fernando fue elegido para el cargo de consejero escolar, y la verdad que se lo super merec\u00eda, era una de esas personas muy aplicadas y dedicadas completamente a la educaci\u00f3n; \u00e9l junto a Eleonora Taurizano fueron dos pilares para la educaci\u00f3n en nuestra ciudad durante estos a\u00f1os, eran dos cabezas que simplemente eran una bomba cuando estaban juntos\u201d.\u00a0<\/p>\n\n\n\n<figure class=\"wp-block-image size-large\"><img decoding=\"async\" width=\"1024\" height=\"576\" data-attachment-id=\"93601\" data-permalink=\"https:\/\/eldiariodesanpedro.com.ar\/sitio\/te-tendremos-siempre-con-nuestro-mejor-recuerdo-querido-nano\/whatsapp-image-2021-06-02-at-20-19-54\/\" data-orig-file=\"https:\/\/eldiariodesanpedro.com.ar\/sitio\/wp-content\/uploads\/2021\/06\/WhatsApp-Image-2021-06-02-at-20.19.54.jpeg\" data-orig-size=\"1280,720\" data-comments-opened=\"1\" data-image-meta=\"{&quot;aperture&quot;:&quot;0&quot;,&quot;credit&quot;:&quot;&quot;,&quot;camera&quot;:&quot;&quot;,&quot;caption&quot;:&quot;&quot;,&quot;created_timestamp&quot;:&quot;0&quot;,&quot;copyright&quot;:&quot;&quot;,&quot;focal_length&quot;:&quot;0&quot;,&quot;iso&quot;:&quot;0&quot;,&quot;shutter_speed&quot;:&quot;0&quot;,&quot;title&quot;:&quot;&quot;,&quot;orientation&quot;:&quot;0&quot;}\" data-image-title=\"WhatsApp Image 2021-06-02 at 20.19.54\" data-image-description=\"\" data-image-caption=\"\" data-large-file=\"https:\/\/eldiariodesanpedro.com.ar\/sitio\/wp-content\/uploads\/2021\/06\/WhatsApp-Image-2021-06-02-at-20.19.54-1024x576.jpeg\" data-src=\"https:\/\/eldiariodesanpedro.com.ar\/sitio\/wp-content\/uploads\/2021\/06\/WhatsApp-Image-2021-06-02-at-20.19.54-1024x576.jpeg\" alt=\"\" class=\"wp-image-93601 lazyload\" data-srcset=\"https:\/\/eldiariodesanpedro.com.ar\/sitio\/wp-content\/uploads\/2021\/06\/WhatsApp-Image-2021-06-02-at-20.19.54-1024x576.jpeg 1024w, https:\/\/eldiariodesanpedro.com.ar\/sitio\/wp-content\/uploads\/2021\/06\/WhatsApp-Image-2021-06-02-at-20.19.54-300x169.jpeg 300w, https:\/\/eldiariodesanpedro.com.ar\/sitio\/wp-content\/uploads\/2021\/06\/WhatsApp-Image-2021-06-02-at-20.19.54-768x432.jpeg 768w, https:\/\/eldiariodesanpedro.com.ar\/sitio\/wp-content\/uploads\/2021\/06\/WhatsApp-Image-2021-06-02-at-20.19.54-800x450.jpeg 800w, https:\/\/eldiariodesanpedro.com.ar\/sitio\/wp-content\/uploads\/2021\/06\/WhatsApp-Image-2021-06-02-at-20.19.54.jpeg 1280w\" data-sizes=\"(max-width: 1024px) 100vw, 1024px\" src=\"data:image\/svg+xml;base64,PHN2ZyB3aWR0aD0iMSIgaGVpZ2h0PSIxIiB4bWxucz0iaHR0cDovL3d3dy53My5vcmcvMjAwMC9zdmciPjwvc3ZnPg==\" style=\"--smush-placeholder-width: 1024px; --smush-placeholder-aspect-ratio: 1024\/576;\" \/><\/figure>\n\n\n\n<p>Agreg\u00f3 \u201cen ese tiempo de andar recorrida por todos lados, adem\u00e1s de Nano, nos acompa\u00f1aron como siempre Gerardo Pelletier, Natalia Claverini, Eleonora Taurizano, Sergio Rosa, Cristian Magallanes, Juan Manuel Alfonso, Juan Miguel Yunes, Marcelo Delbene, Cecilia Ansaloni, Lucrecia Scarfo, Ernesto Arrua, Ariel Romero, Guido Pelletier, Ramiro Sanchez Negrete, Hernan Abatangelo, Hernan Contreras, Ricardo Morales, Gabriel Gaona entre algunos otros, y todo este grupo de personas qued\u00f3 muy dolido y afligido con el fallecimiento en primer lugar de Mario S\u00e1nchez Negrete y ahora con Fernando\u00bb.<\/p>\n\n\n\n<p>\u201cLo mas lindo y lo que me encantar\u00eda poder recalcar es que tanto Nano como este grupo realiz\u00f3 todo el trabajo con amor, alegr\u00eda y pasi\u00f3n\u201d y para finalizar agrego \u201cTe tendremos siempre con nuestro mejor recuerdo, querido Nano\u201d&nbsp;<\/p>\n\n\n\n<figure class=\"wp-block-image size-large\"><img decoding=\"async\" width=\"960\" height=\"814\" data-attachment-id=\"93597\" data-permalink=\"https:\/\/eldiariodesanpedro.com.ar\/sitio\/te-tendremos-siempre-con-nuestro-mejor-recuerdo-querido-nano\/whatsapp-image-2021-06-02-at-19-59-44\/\" data-orig-file=\"https:\/\/eldiariodesanpedro.com.ar\/sitio\/wp-content\/uploads\/2021\/06\/WhatsApp-Image-2021-06-02-at-19.59.44.jpeg\" data-orig-size=\"960,814\" data-comments-opened=\"1\" data-image-meta=\"{&quot;aperture&quot;:&quot;0&quot;,&quot;credit&quot;:&quot;&quot;,&quot;camera&quot;:&quot;&quot;,&quot;caption&quot;:&quot;&quot;,&quot;created_timestamp&quot;:&quot;0&quot;,&quot;copyright&quot;:&quot;&quot;,&quot;focal_length&quot;:&quot;0&quot;,&quot;iso&quot;:&quot;0&quot;,&quot;shutter_speed&quot;:&quot;0&quot;,&quot;title&quot;:&quot;&quot;,&quot;orientation&quot;:&quot;0&quot;}\" data-image-title=\"WhatsApp-Image-2021-06-02-at-19.59.44\" data-image-description=\"\" data-image-caption=\"\" data-large-file=\"https:\/\/eldiariodesanpedro.com.ar\/sitio\/wp-content\/uploads\/2021\/06\/WhatsApp-Image-2021-06-02-at-19.59.44.jpeg\" data-src=\"https:\/\/eldiariodesanpedro.com.ar\/sitio\/wp-content\/uploads\/2021\/06\/WhatsApp-Image-2021-06-02-at-19.59.44.jpeg\" alt=\"\" class=\"wp-image-93597 lazyload\" data-srcset=\"https:\/\/eldiariodesanpedro.com.ar\/sitio\/wp-content\/uploads\/2021\/06\/WhatsApp-Image-2021-06-02-at-19.59.44.jpeg 960w, https:\/\/eldiariodesanpedro.com.ar\/sitio\/wp-content\/uploads\/2021\/06\/WhatsApp-Image-2021-06-02-at-19.59.44-300x254.jpeg 300w, https:\/\/eldiariodesanpedro.com.ar\/sitio\/wp-content\/uploads\/2021\/06\/WhatsApp-Image-2021-06-02-at-19.59.44-768x651.jpeg 768w\" data-sizes=\"(max-width: 960px) 100vw, 960px\" src=\"data:image\/svg+xml;base64,PHN2ZyB3aWR0aD0iMSIgaGVpZ2h0PSIxIiB4bWxucz0iaHR0cDovL3d3dy53My5vcmcvMjAwMC9zdmciPjwvc3ZnPg==\" style=\"--smush-placeholder-width: 960px; --smush-placeholder-aspect-ratio: 960\/814;\" \/><\/figure>\n\n\n\n<p>Con un emotivo mensaje, los \u00abamigos de Juntos por el Cambio\u00bb, como lo firman al final de la nota, los integrantes del sector pol\u00edtico despidieron al Consejero Escolar fallecido luego de contraer covid.&nbsp;&nbsp;<\/p>\n\n\n\n<p>\u00ab<em>Querido Fernando \u201cNano\u201d Cajide, con una profunda tristeza hoy nos toca despedirte de la manera m\u00e1s dolorosa que pudi\u00e9ramos imaginar. Nos quedamos confundidos y con el coraz\u00f3n partido sin haberte podido abrazar, sin un beso o una mirada de aliento&#8230; Nano\u2026 fuiste un \u201cpeque\u00f1o\u201d personaje, pero un enorme luchador de principios muy firmes. Serio (cuando era necesario), responsable, capaz, comprometido, honesto, solidario, con millones de proyectos e inagotables ansias de aprender y de mejorar la realidad que te rodeaba. Gracias por tus d\u00edas interminables y tus noches sin sue\u00f1o, buscando en el desvelo la mejor manera de aportar tu granito de arena a la sociedad\u2026 ya sea desde tu condici\u00f3n de pol\u00edtico, como docente, funcionario, como amigo o simplemente como un CIUDADANO de bien.<br>Hoy sabemos que muchas veces te quedaste \u201csin aire\u201d<br>Como Consejero Escolar nunca mediste tus esfuerzos para reclamar incansablemente a los cuatro vientos una mejor educaci\u00f3n para San Pedro. Te quedaste \u201csin aire\u201d porque lo diste todo\u2026 en cada consejo sabio, en cada buena ense\u00f1anza, en cada palabra de aliento, en cada defensa de tus ideales y en cada risa compartida con los que tuvimos la suerte de ser tus amigos y compa\u00f1eros. Lamentablemente la vacuna no te lleg\u00f3 a tiempo por lo que el Covid 19, a tus 56 a\u00f1os, tambi\u00e9n te dej\u00f3 \u201csin aire\u201d \u2026 muy triste, muy injusto, tan repentino. Tu partida inesperada nos encuentra m\u00e1s unidos que nunca y te prometemos que nosotros seremos \u201ctu aire\u201d en la tierra porque tuvimos un gran MAESTRO. Aprendimos de tus ganas, de tu energ\u00eda, de tu buen humor, de tu garra, de tu pasi\u00f3n, de tu convicci\u00f3n. Estamos seguros que seguir tus huellas ser\u00e1 nuestro mejor homenaje, la \u00fanica manera de seguir estando siempre junto a vos, de recordar la grandeza de tu coraz\u00f3n y de decirte que estar\u00e1s siempre entre nosotros.<br>Gracias por tanto Nano, te abrazamos con el coraz\u00f3n.<br>Descansa en paz.<br>Tus amigos de Juntos por el Cambio<\/em>\u00ab<\/p>\n\n\n\n<figure class=\"wp-block-image size-large\"><img decoding=\"async\" width=\"1024\" height=\"768\" data-attachment-id=\"93602\" data-permalink=\"https:\/\/eldiariodesanpedro.com.ar\/sitio\/te-tendremos-siempre-con-nuestro-mejor-recuerdo-querido-nano\/whatsapp-image-2021-06-02-at-20-19-55\/\" data-orig-file=\"https:\/\/eldiariodesanpedro.com.ar\/sitio\/wp-content\/uploads\/2021\/06\/WhatsApp-Image-2021-06-02-at-20.19.55.jpeg\" data-orig-size=\"1280,960\" data-comments-opened=\"1\" data-image-meta=\"{&quot;aperture&quot;:&quot;0&quot;,&quot;credit&quot;:&quot;&quot;,&quot;camera&quot;:&quot;&quot;,&quot;caption&quot;:&quot;&quot;,&quot;created_timestamp&quot;:&quot;0&quot;,&quot;copyright&quot;:&quot;&quot;,&quot;focal_length&quot;:&quot;0&quot;,&quot;iso&quot;:&quot;0&quot;,&quot;shutter_speed&quot;:&quot;0&quot;,&quot;title&quot;:&quot;&quot;,&quot;orientation&quot;:&quot;0&quot;}\" data-image-title=\"WhatsApp Image 2021-06-02 at 20.19.55\" data-image-description=\"\" data-image-caption=\"\" data-large-file=\"https:\/\/eldiariodesanpedro.com.ar\/sitio\/wp-content\/uploads\/2021\/06\/WhatsApp-Image-2021-06-02-at-20.19.55-1024x768.jpeg\" data-src=\"https:\/\/eldiariodesanpedro.com.ar\/sitio\/wp-content\/uploads\/2021\/06\/WhatsApp-Image-2021-06-02-at-20.19.55-1024x768.jpeg\" alt=\"\" class=\"wp-image-93602 lazyload\" data-srcset=\"https:\/\/eldiariodesanpedro.com.ar\/sitio\/wp-content\/uploads\/2021\/06\/WhatsApp-Image-2021-06-02-at-20.19.55-1024x768.jpeg 1024w, https:\/\/eldiariodesanpedro.com.ar\/sitio\/wp-content\/uploads\/2021\/06\/WhatsApp-Image-2021-06-02-at-20.19.55-300x225.jpeg 300w, https:\/\/eldiariodesanpedro.com.ar\/sitio\/wp-content\/uploads\/2021\/06\/WhatsApp-Image-2021-06-02-at-20.19.55-768x576.jpeg 768w, https:\/\/eldiariodesanpedro.com.ar\/sitio\/wp-content\/uploads\/2021\/06\/WhatsApp-Image-2021-06-02-at-20.19.55-500x375.jpeg 500w, https:\/\/eldiariodesanpedro.com.ar\/sitio\/wp-content\/uploads\/2021\/06\/WhatsApp-Image-2021-06-02-at-20.19.55.jpeg 1280w\" data-sizes=\"(max-width: 1024px) 100vw, 1024px\" src=\"data:image\/svg+xml;base64,PHN2ZyB3aWR0aD0iMSIgaGVpZ2h0PSIxIiB4bWxucz0iaHR0cDovL3d3dy53My5vcmcvMjAwMC9zdmciPjwvc3ZnPg==\" style=\"--smush-placeholder-width: 1024px; --smush-placeholder-aspect-ratio: 1024\/768;\" \/><\/figure>\n\n\n\n<figure class=\"wp-block-image size-large\"><img decoding=\"async\" width=\"850\" height=\"567\" data-attachment-id=\"93599\" data-permalink=\"https:\/\/eldiariodesanpedro.com.ar\/sitio\/te-tendremos-siempre-con-nuestro-mejor-recuerdo-querido-nano\/whatsapp-image-2021-06-02-at-20-19-54-1\/\" data-orig-file=\"https:\/\/eldiariodesanpedro.com.ar\/sitio\/wp-content\/uploads\/2021\/06\/WhatsApp-Image-2021-06-02-at-20.19.54-1.jpeg\" data-orig-size=\"850,567\" data-comments-opened=\"1\" data-image-meta=\"{&quot;aperture&quot;:&quot;0&quot;,&quot;credit&quot;:&quot;&quot;,&quot;camera&quot;:&quot;&quot;,&quot;caption&quot;:&quot;&quot;,&quot;created_timestamp&quot;:&quot;0&quot;,&quot;copyright&quot;:&quot;&quot;,&quot;focal_length&quot;:&quot;0&quot;,&quot;iso&quot;:&quot;0&quot;,&quot;shutter_speed&quot;:&quot;0&quot;,&quot;title&quot;:&quot;&quot;,&quot;orientation&quot;:&quot;0&quot;}\" data-image-title=\"WhatsApp Image 2021-06-02 at 20.19.54 (1)\" data-image-description=\"\" data-image-caption=\"\" data-large-file=\"https:\/\/eldiariodesanpedro.com.ar\/sitio\/wp-content\/uploads\/2021\/06\/WhatsApp-Image-2021-06-02-at-20.19.54-1.jpeg\" data-src=\"https:\/\/eldiariodesanpedro.com.ar\/sitio\/wp-content\/uploads\/2021\/06\/WhatsApp-Image-2021-06-02-at-20.19.54-1.jpeg\" alt=\"\" class=\"wp-image-93599 lazyload\" data-srcset=\"https:\/\/eldiariodesanpedro.com.ar\/sitio\/wp-content\/uploads\/2021\/06\/WhatsApp-Image-2021-06-02-at-20.19.54-1.jpeg 850w, https:\/\/eldiariodesanpedro.com.ar\/sitio\/wp-content\/uploads\/2021\/06\/WhatsApp-Image-2021-06-02-at-20.19.54-1-300x200.jpeg 300w, https:\/\/eldiariodesanpedro.com.ar\/sitio\/wp-content\/uploads\/2021\/06\/WhatsApp-Image-2021-06-02-at-20.19.54-1-768x512.jpeg 768w\" data-sizes=\"(max-width: 850px) 100vw, 850px\" src=\"data:image\/svg+xml;base64,PHN2ZyB3aWR0aD0iMSIgaGVpZ2h0PSIxIiB4bWxucz0iaHR0cDovL3d3dy53My5vcmcvMjAwMC9zdmciPjwvc3ZnPg==\" style=\"--smush-placeholder-width: 850px; --smush-placeholder-aspect-ratio: 850\/567;\" \/><\/figure>\n\n\n\n<figure class=\"wp-block-image size-large\"><img decoding=\"async\" width=\"1024\" height=\"683\" data-attachment-id=\"93600\" data-permalink=\"https:\/\/eldiariodesanpedro.com.ar\/sitio\/te-tendremos-siempre-con-nuestro-mejor-recuerdo-querido-nano\/whatsapp-image-2021-06-02-at-20-19-54-2\/\" data-orig-file=\"https:\/\/eldiariodesanpedro.com.ar\/sitio\/wp-content\/uploads\/2021\/06\/WhatsApp-Image-2021-06-02-at-20.19.54-2.jpeg\" data-orig-size=\"1200,800\" data-comments-opened=\"1\" data-image-meta=\"{&quot;aperture&quot;:&quot;0&quot;,&quot;credit&quot;:&quot;&quot;,&quot;camera&quot;:&quot;&quot;,&quot;caption&quot;:&quot;&quot;,&quot;created_timestamp&quot;:&quot;0&quot;,&quot;copyright&quot;:&quot;&quot;,&quot;focal_length&quot;:&quot;0&quot;,&quot;iso&quot;:&quot;0&quot;,&quot;shutter_speed&quot;:&quot;0&quot;,&quot;title&quot;:&quot;&quot;,&quot;orientation&quot;:&quot;0&quot;}\" data-image-title=\"WhatsApp Image 2021-06-02 at 20.19.54 (2)\" data-image-description=\"\" data-image-caption=\"\" data-large-file=\"https:\/\/eldiariodesanpedro.com.ar\/sitio\/wp-content\/uploads\/2021\/06\/WhatsApp-Image-2021-06-02-at-20.19.54-2-1024x683.jpeg\" data-src=\"https:\/\/eldiariodesanpedro.com.ar\/sitio\/wp-content\/uploads\/2021\/06\/WhatsApp-Image-2021-06-02-at-20.19.54-2-1024x683.jpeg\" alt=\"\" class=\"wp-image-93600 lazyload\" data-srcset=\"https:\/\/eldiariodesanpedro.com.ar\/sitio\/wp-content\/uploads\/2021\/06\/WhatsApp-Image-2021-06-02-at-20.19.54-2-1024x683.jpeg 1024w, https:\/\/eldiariodesanpedro.com.ar\/sitio\/wp-content\/uploads\/2021\/06\/WhatsApp-Image-2021-06-02-at-20.19.54-2-300x200.jpeg 300w, https:\/\/eldiariodesanpedro.com.ar\/sitio\/wp-content\/uploads\/2021\/06\/WhatsApp-Image-2021-06-02-at-20.19.54-2-768x512.jpeg 768w, https:\/\/eldiariodesanpedro.com.ar\/sitio\/wp-content\/uploads\/2021\/06\/WhatsApp-Image-2021-06-02-at-20.19.54-2.jpeg 1200w\" data-sizes=\"(max-width: 1024px) 100vw, 1024px\" src=\"data:image\/svg+xml;base64,PHN2ZyB3aWR0aD0iMSIgaGVpZ2h0PSIxIiB4bWxucz0iaHR0cDovL3d3dy53My5vcmcvMjAwMC9zdmciPjwvc3ZnPg==\" style=\"--smush-placeholder-width: 1024px; --smush-placeholder-aspect-ratio: 1024\/683;\" \/><\/figure>\n","protected":false},"excerpt":{"rendered":"<p>Los integrantes de Juntos por el Cambio emitieron un comunicado en la jornada de hoy donde despiden de manera muy sentida al recientemente fallecido por coronavirus Fernando \u201cNano\u201d Cajide, por lo que dialogamos con una de sus principales referentes y amiga Ana Tiramonti quien nos coment\u00f3 sobre el gran ser humano y dedicado a la [&hellip;]<\/p>\n","protected":false},"author":4,"featured_media":93598,"comment_status":"open","ping_status":"closed","sticky":false,"template":"","format":"standard","meta":{"om_disable_all_campaigns":false,"_jetpack_memberships_contains_paid_content":false,"footnotes":""},"categories":[50,101,2],"tags":[],"class_list":["post-93596","post","type-post","status-publish","format-standard","has-post-thumbnail","hentry","category-destacadas","category-interes-general-locales","category-locales"],"aioseo_notices":[],"gutentor_comment":0,"jetpack_featured_media_url":"https:\/\/eldiariodesanpedro.com.ar\/sitio\/wp-content\/uploads\/2021\/06\/000091747.jpg","jetpack_shortlink":"https:\/\/wp.me\/p6RhLt-olC","jetpack_sharing_enabled":true,"_links":{"self":[{"href":"https:\/\/eldiariodesanpedro.com.ar\/sitio\/wp-json\/wp\/v2\/posts\/93596","targetHints":{"allow":["GET"]}}],"collection":[{"href":"https:\/\/eldiariodesanpedro.com.ar\/sitio\/wp-json\/wp\/v2\/posts"}],"about":[{"href":"https:\/\/eldiariodesanpedro.com.ar\/sitio\/wp-json\/wp\/v2\/types\/post"}],"author":[{"embeddable":true,"href":"https:\/\/eldiariodesanpedro.com.ar\/sitio\/wp-json\/wp\/v2\/users\/4"}],"replies":[{"embeddable":true,"href":"https:\/\/eldiariodesanpedro.com.ar\/sitio\/wp-json\/wp\/v2\/comments?post=93596"}],"version-history":[{"count":3,"href":"https:\/\/eldiariodesanpedro.com.ar\/sitio\/wp-json\/wp\/v2\/posts\/93596\/revisions"}],"predecessor-version":[{"id":93605,"href":"https:\/\/eldiariodesanpedro.com.ar\/sitio\/wp-json\/wp\/v2\/posts\/93596\/revisions\/93605"}],"wp:featuredmedia":[{"embeddable":true,"href":"https:\/\/eldiariodesanpedro.com.ar\/sitio\/wp-json\/wp\/v2\/media\/93598"}],"wp:attachment":[{"href":"https:\/\/eldiariodesanpedro.com.ar\/sitio\/wp-json\/wp\/v2\/media?parent=93596"}],"wp:term":[{"taxonomy":"category","embeddable":true,"href":"https:\/\/eldiariodesanpedro.com.ar\/sitio\/wp-json\/wp\/v2\/categories?post=93596"},{"taxonomy":"post_tag","embeddable":true,"href":"https:\/\/eldiariodesanpedro.com.ar\/sitio\/wp-json\/wp\/v2\/tags?post=93596"}],"curies":[{"name":"wp","href":"https:\/\/api.w.org\/{rel}","templated":true}]}}