{"id":93593,"date":"2021-06-02T18:46:40","date_gmt":"2021-06-02T21:46:40","guid":{"rendered":"https:\/\/eldiariodesanpedro.com.ar\/sitio\/?p=93593"},"modified":"2021-06-02T18:46:44","modified_gmt":"2021-06-02T21:46:44","slug":"gestionando-planes-de-viviendas-con-el-ministro-ferraresi","status":"publish","type":"post","link":"https:\/\/eldiariodesanpedro.com.ar\/sitio\/gestionando-planes-de-viviendas-con-el-ministro-ferraresi\/","title":{"rendered":"Gestionando Planes de Viviendas con el Ministro Ferraresi"},"content":{"rendered":"<!-- VideographyWP Plugin Message: Automatic video embedding prevented by plugin options. -->\n\n<p>El Intendente Cecilio Salazar y el Secretario de Desarrollo Econ\u00f3mico Alfredo Carrasco mantuvieron hoy una reuni\u00f3n con Jorge Ferraresi Ministro de Desarrollo Territorial y H\u00e1bitat de la Naci\u00f3n Argentina y Santiago Maggiotti viceministro del \u00e1rea.<\/p>\n\n\n\n<p>Los proyectos para el Barrio Depietri y la Cooperativa Nuestros Sue\u00f1os siguen avanzando, junto a otras gestiones relacionadas con planes de viviendas para el Partido de San Pedro.<\/p>\n","protected":false},"excerpt":{"rendered":"<p>El Intendente Cecilio Salazar y el Secretario de Desarrollo Econ\u00f3mico Alfredo Carrasco mantuvieron hoy una reuni\u00f3n con Jorge Ferraresi Ministro de Desarrollo Territorial y H\u00e1bitat de la Naci\u00f3n Argentina y Santiago Maggiotti viceministro del \u00e1rea. Los proyectos para el Barrio Depietri y la Cooperativa Nuestros Sue\u00f1os siguen avanzando, junto a otras gestiones relacionadas con planes [&hellip;]<\/p>\n","protected":false},"author":4,"featured_media":93594,"comment_status":"open","ping_status":"closed","sticky":false,"template":"","format":"standard","meta":{"om_disable_all_campaigns":false,"_jetpack_memberships_contains_paid_content":false,"footnotes":""},"categories":[101,2],"tags":[],"class_list":["post-93593","post","type-post","status-publish","format-standard","has-post-thumbnail","hentry","category-interes-general-locales","category-locales"],"aioseo_notices":[],"gutentor_comment":0,"jetpack_featured_media_url":"https:\/\/eldiariodesanpedro.com.ar\/sitio\/wp-content\/uploads\/2021\/06\/WhatsApp-Image-2021-06-02-at-14.28.44.jpeg","jetpack_shortlink":"https:\/\/wp.me\/p6RhLt-olz","jetpack_sharing_enabled":true,"_links":{"self":[{"href":"https:\/\/eldiariodesanpedro.com.ar\/sitio\/wp-json\/wp\/v2\/posts\/93593","targetHints":{"allow":["GET"]}}],"collection":[{"href":"https:\/\/eldiariodesanpedro.com.ar\/sitio\/wp-json\/wp\/v2\/posts"}],"about":[{"href":"https:\/\/eldiariodesanpedro.com.ar\/sitio\/wp-json\/wp\/v2\/types\/post"}],"author":[{"embeddable":true,"href":"https:\/\/eldiariodesanpedro.com.ar\/sitio\/wp-json\/wp\/v2\/users\/4"}],"replies":[{"embeddable":true,"href":"https:\/\/eldiariodesanpedro.com.ar\/sitio\/wp-json\/wp\/v2\/comments?post=93593"}],"version-history":[{"count":1,"href":"https:\/\/eldiariodesanpedro.com.ar\/sitio\/wp-json\/wp\/v2\/posts\/93593\/revisions"}],"predecessor-version":[{"id":93595,"href":"https:\/\/eldiariodesanpedro.com.ar\/sitio\/wp-json\/wp\/v2\/posts\/93593\/revisions\/93595"}],"wp:featuredmedia":[{"embeddable":true,"href":"https:\/\/eldiariodesanpedro.com.ar\/sitio\/wp-json\/wp\/v2\/media\/93594"}],"wp:attachment":[{"href":"https:\/\/eldiariodesanpedro.com.ar\/sitio\/wp-json\/wp\/v2\/media?parent=93593"}],"wp:term":[{"taxonomy":"category","embeddable":true,"href":"https:\/\/eldiariodesanpedro.com.ar\/sitio\/wp-json\/wp\/v2\/categories?post=93593"},{"taxonomy":"post_tag","embeddable":true,"href":"https:\/\/eldiariodesanpedro.com.ar\/sitio\/wp-json\/wp\/v2\/tags?post=93593"}],"curies":[{"name":"wp","href":"https:\/\/api.w.org\/{rel}","templated":true}]}}