{"id":93590,"date":"2021-06-02T18:40:44","date_gmt":"2021-06-02T21:40:44","guid":{"rendered":"https:\/\/eldiariodesanpedro.com.ar\/sitio\/?p=93590"},"modified":"2021-06-02T18:40:48","modified_gmt":"2021-06-02T21:40:48","slug":"baradero-el-intendente-esteban-sanzio-fue-recibido-por-alberto-fernandez-en-la-rosada","status":"publish","type":"post","link":"https:\/\/eldiariodesanpedro.com.ar\/sitio\/baradero-el-intendente-esteban-sanzio-fue-recibido-por-alberto-fernandez-en-la-rosada\/","title":{"rendered":"BARADERO | El Intendente Esteban Sanzio fue recibido por Alberto Fern\u00e1ndez en la Rosada"},"content":{"rendered":"<!-- VideographyWP Plugin Message: Automatic video embedding prevented by plugin options. -->\n\n<p>Pasadas las 5 de la tarde, el jefe comunal de Baradero, Esteban Sanzio, acompa\u00f1ado por el Secretario de Culto de la Naci\u00f3n, Guillermo Oliveri, el presidente del HCD, Rodolfo Lacabanne, el presidente del bloque de concejales del Frente de Todos, Guillermo Paniagua, y el presidente del bloque de Juntos por el Cambio, Gabriel Descalzo fue recibido por el mandatario, Alberto Fernandez en Casa de Gobierno.<\/p>\n\n\n\n<p> Cabe recordar que el encuentro es para presentarle de manera oficial lo que ser\u00e1 la radicaci\u00f3n en nuestra ciudad de una empresa autopartista que va a generar aproximadamente 500 puestos de trabajo en una gesti\u00f3n llevada adelante por el Intendente local.<\/p>\n\n\n\n<p>Fuente: <a href=\"https:\/\/www.facebook.com\/499244976930177\/posts\/1714523195402343\/\">Fm Tiempo<\/a><\/p>\n","protected":false},"excerpt":{"rendered":"<p>Pasadas las 5 de la tarde, el jefe comunal de Baradero, Esteban Sanzio, acompa\u00f1ado por el Secretario de Culto de la Naci\u00f3n, Guillermo Oliveri, el presidente del HCD, Rodolfo Lacabanne, el presidente del bloque de concejales del Frente de Todos, Guillermo Paniagua, y el presidente del bloque de Juntos por el Cambio, Gabriel Descalzo fue [&hellip;]<\/p>\n","protected":false},"author":4,"featured_media":93591,"comment_status":"open","ping_status":"closed","sticky":false,"template":"","format":"standard","meta":{"om_disable_all_campaigns":false,"_jetpack_memberships_contains_paid_content":false,"footnotes":""},"categories":[621],"tags":[],"class_list":["post-93590","post","type-post","status-publish","format-standard","has-post-thumbnail","hentry","category-regionales"],"aioseo_notices":[],"gutentor_comment":0,"jetpack_featured_media_url":"https:\/\/eldiariodesanpedro.com.ar\/sitio\/wp-content\/uploads\/2021\/06\/193226423_1714522985402364_2144975322107687436_n.jpg","jetpack_shortlink":"https:\/\/wp.me\/p6RhLt-olw","jetpack_sharing_enabled":true,"_links":{"self":[{"href":"https:\/\/eldiariodesanpedro.com.ar\/sitio\/wp-json\/wp\/v2\/posts\/93590","targetHints":{"allow":["GET"]}}],"collection":[{"href":"https:\/\/eldiariodesanpedro.com.ar\/sitio\/wp-json\/wp\/v2\/posts"}],"about":[{"href":"https:\/\/eldiariodesanpedro.com.ar\/sitio\/wp-json\/wp\/v2\/types\/post"}],"author":[{"embeddable":true,"href":"https:\/\/eldiariodesanpedro.com.ar\/sitio\/wp-json\/wp\/v2\/users\/4"}],"replies":[{"embeddable":true,"href":"https:\/\/eldiariodesanpedro.com.ar\/sitio\/wp-json\/wp\/v2\/comments?post=93590"}],"version-history":[{"count":1,"href":"https:\/\/eldiariodesanpedro.com.ar\/sitio\/wp-json\/wp\/v2\/posts\/93590\/revisions"}],"predecessor-version":[{"id":93592,"href":"https:\/\/eldiariodesanpedro.com.ar\/sitio\/wp-json\/wp\/v2\/posts\/93590\/revisions\/93592"}],"wp:featuredmedia":[{"embeddable":true,"href":"https:\/\/eldiariodesanpedro.com.ar\/sitio\/wp-json\/wp\/v2\/media\/93591"}],"wp:attachment":[{"href":"https:\/\/eldiariodesanpedro.com.ar\/sitio\/wp-json\/wp\/v2\/media?parent=93590"}],"wp:term":[{"taxonomy":"category","embeddable":true,"href":"https:\/\/eldiariodesanpedro.com.ar\/sitio\/wp-json\/wp\/v2\/categories?post=93590"},{"taxonomy":"post_tag","embeddable":true,"href":"https:\/\/eldiariodesanpedro.com.ar\/sitio\/wp-json\/wp\/v2\/tags?post=93590"}],"curies":[{"name":"wp","href":"https:\/\/api.w.org\/{rel}","templated":true}]}}