{"id":93582,"date":"2021-06-02T13:19:19","date_gmt":"2021-06-02T16:19:19","guid":{"rendered":"https:\/\/eldiariodesanpedro.com.ar\/sitio\/?p=93582"},"modified":"2021-06-02T13:19:23","modified_gmt":"2021-06-02T16:19:23","slug":"se-oficializo-el-pase-de-nueve-ex-policial-de-la-local-a-la-policias-de-la-provincia-de-buenos-aires","status":"publish","type":"post","link":"https:\/\/eldiariodesanpedro.com.ar\/sitio\/se-oficializo-el-pase-de-nueve-ex-policial-de-la-local-a-la-policias-de-la-provincia-de-buenos-aires\/","title":{"rendered":"Se oficializo el pase de nueve ex policial de la local a la Polic\u00edas de la Provincia de Buenos Aires"},"content":{"rendered":"<!-- VideographyWP Plugin Message: Automatic video embedding prevented by plugin options. -->\n\n<p>El ministerio de seguridad nombr\u00f3 a 9 nuevos oficiales subyudantes del agrupamiento comando que hasta hoy desempe\u00f1aban funciones de personal de calle, en San Pedro, mientras se capacitaban y realizaban el curso correspondiente.<\/p>\n\n\n\n<p>Ese personal formaba parte de la ex polic\u00eda local y que fueran reasignados a fines del a\u00f1o 2018 a la comisar\u00eda. <\/p>\n\n\n\n<p>En la ma\u00f1ana de hoy fueron recibidos en por el titular de la comisar\u00eda y la segunda jefa, habi\u00e9ndosele reasignadas tareas acorde a su nuevo grado. <\/p>\n\n\n\n<p>Resultaba necesario la promoci\u00f3n de nuevos oficiales que no egresaban desde la escuela de polic\u00eda como hasta hace a\u00f1os atr\u00e1s.<\/p>\n\n\n\n<p>Los nueve oficiales son: <br>Prommachack Alejandro<br>Sastre Nicol\u00e1s<br>Hernandez Lucas<br>Culicinio Camila<br>Ramirez Leila<br>Bargas Matias<br>Machado Federico<br>Turci Eliana<br>Agustina Roba<\/p>\n\n\n\n<p><\/p>\n","protected":false},"excerpt":{"rendered":"<p>El ministerio de seguridad nombr\u00f3 a 9 nuevos oficiales subyudantes del agrupamiento comando que hasta hoy desempe\u00f1aban funciones de personal de calle, en San Pedro, mientras se capacitaban y realizaban el curso correspondiente. Ese personal formaba parte de la ex polic\u00eda local y que fueran reasignados a fines del a\u00f1o 2018 a la comisar\u00eda. En [&hellip;]<\/p>\n","protected":false},"author":4,"featured_media":93583,"comment_status":"open","ping_status":"closed","sticky":false,"template":"","format":"standard","meta":{"om_disable_all_campaigns":false,"_jetpack_memberships_contains_paid_content":false,"footnotes":""},"categories":[2,103],"tags":[],"class_list":["post-93582","post","type-post","status-publish","format-standard","has-post-thumbnail","hentry","category-locales","category-policiales-locales"],"aioseo_notices":[],"gutentor_comment":0,"jetpack_featured_media_url":"https:\/\/eldiariodesanpedro.com.ar\/sitio\/wp-content\/uploads\/2021\/06\/WhatsApp-Image-2021-06-02-at-13.05.29.jpeg","jetpack_shortlink":"https:\/\/wp.me\/p6RhLt-olo","jetpack_sharing_enabled":true,"_links":{"self":[{"href":"https:\/\/eldiariodesanpedro.com.ar\/sitio\/wp-json\/wp\/v2\/posts\/93582","targetHints":{"allow":["GET"]}}],"collection":[{"href":"https:\/\/eldiariodesanpedro.com.ar\/sitio\/wp-json\/wp\/v2\/posts"}],"about":[{"href":"https:\/\/eldiariodesanpedro.com.ar\/sitio\/wp-json\/wp\/v2\/types\/post"}],"author":[{"embeddable":true,"href":"https:\/\/eldiariodesanpedro.com.ar\/sitio\/wp-json\/wp\/v2\/users\/4"}],"replies":[{"embeddable":true,"href":"https:\/\/eldiariodesanpedro.com.ar\/sitio\/wp-json\/wp\/v2\/comments?post=93582"}],"version-history":[{"count":1,"href":"https:\/\/eldiariodesanpedro.com.ar\/sitio\/wp-json\/wp\/v2\/posts\/93582\/revisions"}],"predecessor-version":[{"id":93584,"href":"https:\/\/eldiariodesanpedro.com.ar\/sitio\/wp-json\/wp\/v2\/posts\/93582\/revisions\/93584"}],"wp:featuredmedia":[{"embeddable":true,"href":"https:\/\/eldiariodesanpedro.com.ar\/sitio\/wp-json\/wp\/v2\/media\/93583"}],"wp:attachment":[{"href":"https:\/\/eldiariodesanpedro.com.ar\/sitio\/wp-json\/wp\/v2\/media?parent=93582"}],"wp:term":[{"taxonomy":"category","embeddable":true,"href":"https:\/\/eldiariodesanpedro.com.ar\/sitio\/wp-json\/wp\/v2\/categories?post=93582"},{"taxonomy":"post_tag","embeddable":true,"href":"https:\/\/eldiariodesanpedro.com.ar\/sitio\/wp-json\/wp\/v2\/tags?post=93582"}],"curies":[{"name":"wp","href":"https:\/\/api.w.org\/{rel}","templated":true}]}}