{"id":93570,"date":"2021-06-02T12:34:45","date_gmt":"2021-06-02T15:34:45","guid":{"rendered":"https:\/\/eldiariodesanpedro.com.ar\/sitio\/?p=93570"},"modified":"2021-06-02T12:40:39","modified_gmt":"2021-06-02T15:40:39","slug":"se-realizo-una-orden-de-detencion-para-un-delincuente-por-venta-de-estupefacientes","status":"publish","type":"post","link":"https:\/\/eldiariodesanpedro.com.ar\/sitio\/se-realizo-una-orden-de-detencion-para-un-delincuente-por-venta-de-estupefacientes\/","title":{"rendered":"Se realiz\u00f3 una orden de detenci\u00f3n para un delincuente por venta de estupefacientes"},"content":{"rendered":"<!-- VideographyWP Plugin Message: Automatic video embedding prevented by plugin options. -->\n\n<p>En la tarde de ayer, el personal policial del Gabinete Criminol\u00f3gico de la Comisar\u00eda que&nbsp; diligencio orden de detenci\u00f3n expedida por el Juzgado de Ejecuci\u00f3n Penal de San Nicol\u00e1s por un delincuente que vend\u00eda estupefacientes en cercan\u00edas a un establecimiento educativo.<\/p>\n\n\n\n<p>La medida tuvo lugar en un domicilio particular ubicado en Cruz Roja y Alvarado, donde efectiviz\u00f3 la detecci\u00f3n de masculino de 23 a\u00f1os de edad, con m\u00faltiples antecedentes por una causa inicial por la que fue imputado en \u201ccomercializaci\u00f3n de estupefacientes agravada por ser cometido en inmediaciones de establecimiento educativo\u201d en el a\u00f1o 2016 habiendo estado detenido oportunamente ahora deber\u00e1 purgar resto de condena impuesta por la justicia ordinaria, por lo cual ser\u00e1 trasladado a unidad carcelaria en los pr\u00f3ximos d\u00edas.<\/p>\n\n\n\n<figure class=\"wp-block-image size-large\"><img decoding=\"async\" width=\"698\" height=\"1024\" data-attachment-id=\"93573\" data-permalink=\"https:\/\/eldiariodesanpedro.com.ar\/sitio\/se-realizo-una-orden-de-detencion-para-un-delincuente-por-venta-de-estupefacientes\/whatsapp-image-2021-06-02-at-12-33-18\/\" data-orig-file=\"https:\/\/eldiariodesanpedro.com.ar\/sitio\/wp-content\/uploads\/2021\/06\/WhatsApp-Image-2021-06-02-at-12.33.18.jpeg\" data-orig-size=\"720,1056\" data-comments-opened=\"1\" data-image-meta=\"{&quot;aperture&quot;:&quot;0&quot;,&quot;credit&quot;:&quot;&quot;,&quot;camera&quot;:&quot;&quot;,&quot;caption&quot;:&quot;&quot;,&quot;created_timestamp&quot;:&quot;0&quot;,&quot;copyright&quot;:&quot;&quot;,&quot;focal_length&quot;:&quot;0&quot;,&quot;iso&quot;:&quot;0&quot;,&quot;shutter_speed&quot;:&quot;0&quot;,&quot;title&quot;:&quot;&quot;,&quot;orientation&quot;:&quot;0&quot;}\" data-image-title=\"WhatsApp-Image-2021-06-02-at-12.33.18\" data-image-description=\"\" data-image-caption=\"\" data-large-file=\"https:\/\/eldiariodesanpedro.com.ar\/sitio\/wp-content\/uploads\/2021\/06\/WhatsApp-Image-2021-06-02-at-12.33.18-698x1024.jpeg\" data-src=\"https:\/\/eldiariodesanpedro.com.ar\/sitio\/wp-content\/uploads\/2021\/06\/WhatsApp-Image-2021-06-02-at-12.33.18-698x1024.jpeg\" alt=\"\" class=\"wp-image-93573 lazyload\" data-srcset=\"https:\/\/eldiariodesanpedro.com.ar\/sitio\/wp-content\/uploads\/2021\/06\/WhatsApp-Image-2021-06-02-at-12.33.18-698x1024.jpeg 698w, https:\/\/eldiariodesanpedro.com.ar\/sitio\/wp-content\/uploads\/2021\/06\/WhatsApp-Image-2021-06-02-at-12.33.18-205x300.jpeg 205w, https:\/\/eldiariodesanpedro.com.ar\/sitio\/wp-content\/uploads\/2021\/06\/WhatsApp-Image-2021-06-02-at-12.33.18.jpeg 720w\" data-sizes=\"(max-width: 698px) 100vw, 698px\" src=\"data:image\/svg+xml;base64,PHN2ZyB3aWR0aD0iMSIgaGVpZ2h0PSIxIiB4bWxucz0iaHR0cDovL3d3dy53My5vcmcvMjAwMC9zdmciPjwvc3ZnPg==\" style=\"--smush-placeholder-width: 698px; --smush-placeholder-aspect-ratio: 698\/1024;\" \/><\/figure>\n","protected":false},"excerpt":{"rendered":"<p>En la tarde de ayer, el personal policial del Gabinete Criminol\u00f3gico de la Comisar\u00eda que&nbsp; diligencio orden de detenci\u00f3n expedida por el Juzgado de Ejecuci\u00f3n Penal de San Nicol\u00e1s por un delincuente que vend\u00eda estupefacientes en cercan\u00edas a un establecimiento educativo. La medida tuvo lugar en un domicilio particular ubicado en Cruz Roja y Alvarado, [&hellip;]<\/p>\n","protected":false},"author":4,"featured_media":93571,"comment_status":"open","ping_status":"closed","sticky":false,"template":"","format":"standard","meta":{"om_disable_all_campaigns":false,"_jetpack_memberships_contains_paid_content":false,"footnotes":""},"categories":[2,103],"tags":[],"class_list":["post-93570","post","type-post","status-publish","format-standard","has-post-thumbnail","hentry","category-locales","category-policiales-locales"],"aioseo_notices":[],"gutentor_comment":0,"jetpack_featured_media_url":"https:\/\/eldiariodesanpedro.com.ar\/sitio\/wp-content\/uploads\/2021\/06\/f608x342-98972_128695_15.jpeg","jetpack_shortlink":"https:\/\/wp.me\/p6RhLt-olc","jetpack_sharing_enabled":true,"_links":{"self":[{"href":"https:\/\/eldiariodesanpedro.com.ar\/sitio\/wp-json\/wp\/v2\/posts\/93570","targetHints":{"allow":["GET"]}}],"collection":[{"href":"https:\/\/eldiariodesanpedro.com.ar\/sitio\/wp-json\/wp\/v2\/posts"}],"about":[{"href":"https:\/\/eldiariodesanpedro.com.ar\/sitio\/wp-json\/wp\/v2\/types\/post"}],"author":[{"embeddable":true,"href":"https:\/\/eldiariodesanpedro.com.ar\/sitio\/wp-json\/wp\/v2\/users\/4"}],"replies":[{"embeddable":true,"href":"https:\/\/eldiariodesanpedro.com.ar\/sitio\/wp-json\/wp\/v2\/comments?post=93570"}],"version-history":[{"count":2,"href":"https:\/\/eldiariodesanpedro.com.ar\/sitio\/wp-json\/wp\/v2\/posts\/93570\/revisions"}],"predecessor-version":[{"id":93574,"href":"https:\/\/eldiariodesanpedro.com.ar\/sitio\/wp-json\/wp\/v2\/posts\/93570\/revisions\/93574"}],"wp:featuredmedia":[{"embeddable":true,"href":"https:\/\/eldiariodesanpedro.com.ar\/sitio\/wp-json\/wp\/v2\/media\/93571"}],"wp:attachment":[{"href":"https:\/\/eldiariodesanpedro.com.ar\/sitio\/wp-json\/wp\/v2\/media?parent=93570"}],"wp:term":[{"taxonomy":"category","embeddable":true,"href":"https:\/\/eldiariodesanpedro.com.ar\/sitio\/wp-json\/wp\/v2\/categories?post=93570"},{"taxonomy":"post_tag","embeddable":true,"href":"https:\/\/eldiariodesanpedro.com.ar\/sitio\/wp-json\/wp\/v2\/tags?post=93570"}],"curies":[{"name":"wp","href":"https:\/\/api.w.org\/{rel}","templated":true}]}}