{"id":93566,"date":"2021-06-02T12:25:52","date_gmt":"2021-06-02T15:25:52","guid":{"rendered":"https:\/\/eldiariodesanpedro.com.ar\/sitio\/?p=93566"},"modified":"2021-06-02T12:25:58","modified_gmt":"2021-06-02T15:25:58","slug":"un-joven-de-17-anos-aprehendido-por-agredir-a-su-pareja-de-31","status":"publish","type":"post","link":"https:\/\/eldiariodesanpedro.com.ar\/sitio\/un-joven-de-17-anos-aprehendido-por-agredir-a-su-pareja-de-31\/","title":{"rendered":"Un joven de 17 a\u00f1os aprehendido por agredir a su pareja de 31"},"content":{"rendered":"<!-- VideographyWP Plugin Message: Automatic video embedding prevented by plugin options. -->\n\n<p>En la jornada de hoy promediando las 04 hs personal de la ciudad se hace presente en calle&nbsp; Brenan al 1000, donde se procede a la aprehensi\u00f3n de un joven de 17 a\u00f1os, quien anteriormente agrede f\u00edsicamente&nbsp; y amenaza a pareja femenina&nbsp; de 31 a\u00f1os caus\u00e1ndole lesiones leves.&nbsp;<\/p>\n\n\n\n<p>La v\u00edctima fue trasladada al nosocomio local&nbsp; donde luego fue asistida en la Comisar\u00eda local de la Mujer y la Familia.<\/p>\n","protected":false},"excerpt":{"rendered":"<p>En la jornada de hoy promediando las 04 hs personal de la ciudad se hace presente en calle&nbsp; Brenan al 1000, donde se procede a la aprehensi\u00f3n de un joven de 17 a\u00f1os, quien anteriormente agrede f\u00edsicamente&nbsp; y amenaza a pareja femenina&nbsp; de 31 a\u00f1os caus\u00e1ndole lesiones leves.&nbsp; La v\u00edctima fue trasladada al nosocomio local&nbsp; [&hellip;]<\/p>\n","protected":false},"author":4,"featured_media":78774,"comment_status":"open","ping_status":"closed","sticky":false,"template":"","format":"standard","meta":{"om_disable_all_campaigns":false,"_jetpack_memberships_contains_paid_content":false,"footnotes":""},"categories":[2,103],"tags":[],"class_list":["post-93566","post","type-post","status-publish","format-standard","has-post-thumbnail","hentry","category-locales","category-policiales-locales"],"aioseo_notices":[],"gutentor_comment":0,"jetpack_featured_media_url":"https:\/\/eldiariodesanpedro.com.ar\/sitio\/wp-content\/uploads\/2020\/08\/Policia-de-noche-2014-695x510-1.jpg","jetpack_shortlink":"https:\/\/wp.me\/p6RhLt-ol8","jetpack_sharing_enabled":true,"_links":{"self":[{"href":"https:\/\/eldiariodesanpedro.com.ar\/sitio\/wp-json\/wp\/v2\/posts\/93566","targetHints":{"allow":["GET"]}}],"collection":[{"href":"https:\/\/eldiariodesanpedro.com.ar\/sitio\/wp-json\/wp\/v2\/posts"}],"about":[{"href":"https:\/\/eldiariodesanpedro.com.ar\/sitio\/wp-json\/wp\/v2\/types\/post"}],"author":[{"embeddable":true,"href":"https:\/\/eldiariodesanpedro.com.ar\/sitio\/wp-json\/wp\/v2\/users\/4"}],"replies":[{"embeddable":true,"href":"https:\/\/eldiariodesanpedro.com.ar\/sitio\/wp-json\/wp\/v2\/comments?post=93566"}],"version-history":[{"count":1,"href":"https:\/\/eldiariodesanpedro.com.ar\/sitio\/wp-json\/wp\/v2\/posts\/93566\/revisions"}],"predecessor-version":[{"id":93567,"href":"https:\/\/eldiariodesanpedro.com.ar\/sitio\/wp-json\/wp\/v2\/posts\/93566\/revisions\/93567"}],"wp:featuredmedia":[{"embeddable":true,"href":"https:\/\/eldiariodesanpedro.com.ar\/sitio\/wp-json\/wp\/v2\/media\/78774"}],"wp:attachment":[{"href":"https:\/\/eldiariodesanpedro.com.ar\/sitio\/wp-json\/wp\/v2\/media?parent=93566"}],"wp:term":[{"taxonomy":"category","embeddable":true,"href":"https:\/\/eldiariodesanpedro.com.ar\/sitio\/wp-json\/wp\/v2\/categories?post=93566"},{"taxonomy":"post_tag","embeddable":true,"href":"https:\/\/eldiariodesanpedro.com.ar\/sitio\/wp-json\/wp\/v2\/tags?post=93566"}],"curies":[{"name":"wp","href":"https:\/\/api.w.org\/{rel}","templated":true}]}}