{"id":93563,"date":"2021-06-02T12:20:39","date_gmt":"2021-06-02T15:20:39","guid":{"rendered":"https:\/\/eldiariodesanpedro.com.ar\/sitio\/?p=93563"},"modified":"2021-06-02T12:20:45","modified_gmt":"2021-06-02T15:20:45","slug":"joven-aprehendido-por-agredir-a-su-ex-pareja-y-a-un-amigo","status":"publish","type":"post","link":"https:\/\/eldiariodesanpedro.com.ar\/sitio\/joven-aprehendido-por-agredir-a-su-ex-pareja-y-a-un-amigo\/","title":{"rendered":"Joven aprehendido por agredir a su ex pareja y a un amigo"},"content":{"rendered":"<!-- VideographyWP Plugin Message: Automatic video embedding prevented by plugin options. -->\n\n<p>Esta madrugada de mi\u00e9rcoles promediando las 02 hs el personal policial de la comisar\u00eda local se hace presente en calle&nbsp; Boulevard Moreno y Av. 11 de Septiembre donde procede aprehensi\u00f3n masculino de 23 a\u00f1os, quien fugaba tras agredir en salta al 3200 f\u00edsicamente&nbsp; y amenazar con arma blanca a su ex pareja, una mujer de 27 a\u00f1os y a otro ciudadano de 30 amigo de ella quienes sufren lesiones leves.&nbsp;<\/p>\n\n\n\n<p>Tom\u00f3 conocimiento del hecho la UFI\u00a0 11 quien dispone la notificaci\u00f3n de la causa, quedando aprehendido alojado en dependencia policial.<\/p>\n","protected":false},"excerpt":{"rendered":"<p>Esta madrugada de mi\u00e9rcoles promediando las 02 hs el personal policial de la comisar\u00eda local se hace presente en calle&nbsp; Boulevard Moreno y Av. 11 de Septiembre donde procede aprehensi\u00f3n masculino de 23 a\u00f1os, quien fugaba tras agredir en salta al 3200 f\u00edsicamente&nbsp; y amenazar con arma blanca a su ex pareja, una mujer de [&hellip;]<\/p>\n","protected":false},"author":4,"featured_media":77860,"comment_status":"open","ping_status":"closed","sticky":false,"template":"","format":"standard","meta":{"om_disable_all_campaigns":false,"_jetpack_memberships_contains_paid_content":false,"footnotes":""},"categories":[2,103],"tags":[],"class_list":["post-93563","post","type-post","status-publish","format-standard","has-post-thumbnail","hentry","category-locales","category-policiales-locales"],"aioseo_notices":[],"gutentor_comment":0,"jetpack_featured_media_url":"https:\/\/eldiariodesanpedro.com.ar\/sitio\/wp-content\/uploads\/2020\/07\/000085506.jpg","jetpack_shortlink":"https:\/\/wp.me\/p6RhLt-ol5","jetpack_sharing_enabled":true,"_links":{"self":[{"href":"https:\/\/eldiariodesanpedro.com.ar\/sitio\/wp-json\/wp\/v2\/posts\/93563","targetHints":{"allow":["GET"]}}],"collection":[{"href":"https:\/\/eldiariodesanpedro.com.ar\/sitio\/wp-json\/wp\/v2\/posts"}],"about":[{"href":"https:\/\/eldiariodesanpedro.com.ar\/sitio\/wp-json\/wp\/v2\/types\/post"}],"author":[{"embeddable":true,"href":"https:\/\/eldiariodesanpedro.com.ar\/sitio\/wp-json\/wp\/v2\/users\/4"}],"replies":[{"embeddable":true,"href":"https:\/\/eldiariodesanpedro.com.ar\/sitio\/wp-json\/wp\/v2\/comments?post=93563"}],"version-history":[{"count":1,"href":"https:\/\/eldiariodesanpedro.com.ar\/sitio\/wp-json\/wp\/v2\/posts\/93563\/revisions"}],"predecessor-version":[{"id":93564,"href":"https:\/\/eldiariodesanpedro.com.ar\/sitio\/wp-json\/wp\/v2\/posts\/93563\/revisions\/93564"}],"wp:featuredmedia":[{"embeddable":true,"href":"https:\/\/eldiariodesanpedro.com.ar\/sitio\/wp-json\/wp\/v2\/media\/77860"}],"wp:attachment":[{"href":"https:\/\/eldiariodesanpedro.com.ar\/sitio\/wp-json\/wp\/v2\/media?parent=93563"}],"wp:term":[{"taxonomy":"category","embeddable":true,"href":"https:\/\/eldiariodesanpedro.com.ar\/sitio\/wp-json\/wp\/v2\/categories?post=93563"},{"taxonomy":"post_tag","embeddable":true,"href":"https:\/\/eldiariodesanpedro.com.ar\/sitio\/wp-json\/wp\/v2\/tags?post=93563"}],"curies":[{"name":"wp","href":"https:\/\/api.w.org\/{rel}","templated":true}]}}