{"id":93561,"date":"2021-06-02T12:18:52","date_gmt":"2021-06-02T15:18:52","guid":{"rendered":"https:\/\/eldiariodesanpedro.com.ar\/sitio\/?p=93561"},"modified":"2021-06-02T12:18:59","modified_gmt":"2021-06-02T15:18:59","slug":"un-menor-aprehendido-por-agredir-y-amenazar-a-su-tio","status":"publish","type":"post","link":"https:\/\/eldiariodesanpedro.com.ar\/sitio\/un-menor-aprehendido-por-agredir-y-amenazar-a-su-tio\/","title":{"rendered":"Un menor aprehendido por agredir y amenazar a su t\u00edo"},"content":{"rendered":"<!-- VideographyWP Plugin Message: Automatic video embedding prevented by plugin options. -->\n\n<p>El personal policial de nuestra ciudad se hace presente este mi\u00e9rcoles en calle Saavedra 1500 procede aprehensi\u00f3n masculino de 17 a\u00f1os, quien anteriormente agrede y amenaza con arma blanca a su tio de 39 a\u00f1os.&nbsp;&nbsp;<\/p>\n\n\n\n<p>Tom\u00f3 conocimiento la UFI del Joven quien dispone la notificaci\u00f3n de la causa, entrega a progenitores y posterior libertad.<\/p>\n","protected":false},"excerpt":{"rendered":"<p>El personal policial de nuestra ciudad se hace presente este mi\u00e9rcoles en calle Saavedra 1500 procede aprehensi\u00f3n masculino de 17 a\u00f1os, quien anteriormente agrede y amenaza con arma blanca a su tio de 39 a\u00f1os.&nbsp;&nbsp; Tom\u00f3 conocimiento la UFI del Joven quien dispone la notificaci\u00f3n de la causa, entrega a progenitores y posterior libertad.<\/p>\n","protected":false},"author":4,"featured_media":66784,"comment_status":"open","ping_status":"closed","sticky":false,"template":"","format":"standard","meta":{"om_disable_all_campaigns":false,"_jetpack_memberships_contains_paid_content":false,"footnotes":""},"categories":[2,103],"tags":[],"class_list":["post-93561","post","type-post","status-publish","format-standard","has-post-thumbnail","hentry","category-locales","category-policiales-locales"],"aioseo_notices":[],"gutentor_comment":0,"jetpack_featured_media_url":"https:\/\/eldiariodesanpedro.com.ar\/sitio\/wp-content\/uploads\/2020\/01\/detenido-1.jpg","jetpack_shortlink":"https:\/\/wp.me\/p6RhLt-ol3","jetpack_sharing_enabled":true,"_links":{"self":[{"href":"https:\/\/eldiariodesanpedro.com.ar\/sitio\/wp-json\/wp\/v2\/posts\/93561","targetHints":{"allow":["GET"]}}],"collection":[{"href":"https:\/\/eldiariodesanpedro.com.ar\/sitio\/wp-json\/wp\/v2\/posts"}],"about":[{"href":"https:\/\/eldiariodesanpedro.com.ar\/sitio\/wp-json\/wp\/v2\/types\/post"}],"author":[{"embeddable":true,"href":"https:\/\/eldiariodesanpedro.com.ar\/sitio\/wp-json\/wp\/v2\/users\/4"}],"replies":[{"embeddable":true,"href":"https:\/\/eldiariodesanpedro.com.ar\/sitio\/wp-json\/wp\/v2\/comments?post=93561"}],"version-history":[{"count":1,"href":"https:\/\/eldiariodesanpedro.com.ar\/sitio\/wp-json\/wp\/v2\/posts\/93561\/revisions"}],"predecessor-version":[{"id":93562,"href":"https:\/\/eldiariodesanpedro.com.ar\/sitio\/wp-json\/wp\/v2\/posts\/93561\/revisions\/93562"}],"wp:featuredmedia":[{"embeddable":true,"href":"https:\/\/eldiariodesanpedro.com.ar\/sitio\/wp-json\/wp\/v2\/media\/66784"}],"wp:attachment":[{"href":"https:\/\/eldiariodesanpedro.com.ar\/sitio\/wp-json\/wp\/v2\/media?parent=93561"}],"wp:term":[{"taxonomy":"category","embeddable":true,"href":"https:\/\/eldiariodesanpedro.com.ar\/sitio\/wp-json\/wp\/v2\/categories?post=93561"},{"taxonomy":"post_tag","embeddable":true,"href":"https:\/\/eldiariodesanpedro.com.ar\/sitio\/wp-json\/wp\/v2\/tags?post=93561"}],"curies":[{"name":"wp","href":"https:\/\/api.w.org\/{rel}","templated":true}]}}