{"id":93551,"date":"2021-06-02T10:41:06","date_gmt":"2021-06-02T13:41:06","guid":{"rendered":"https:\/\/eldiariodesanpedro.com.ar\/sitio\/?p=93551"},"modified":"2021-06-02T10:41:09","modified_gmt":"2021-06-02T13:41:09","slug":"se-celebra-el-dia-nacional-de-los-bomberos-voluntarios","status":"publish","type":"post","link":"https:\/\/eldiariodesanpedro.com.ar\/sitio\/se-celebra-el-dia-nacional-de-los-bomberos-voluntarios\/","title":{"rendered":"Se celebra el Dia Nacional de los Bomberos Voluntarios"},"content":{"rendered":"<!-- VideographyWP Plugin Message: Automatic video embedding prevented by plugin options. -->\n\n<p>Este mi\u00e9rcoles se celebra un d\u00eda mas del Dia Nacional del Bombero Voluntario y en nuestra ciudad se realizo un izamiento de banderas y un toque de sirena con personal reducido para conmemorar este d\u00eda festivo que lamentablemente no se podr\u00e1 realizar, al igual que el a\u00f1o pasado, la tradicional chocolatada.<\/p>\n\n\n\n<p>La historia comenz\u00f3 el 2 de Junio de 1884 cuando a ra\u00edz de un voraz incendio en La Boca, un vecino llamado Tom\u00e1s Liberti y su hijo organizaron, junto a un grupo de personas del barrio, una cadena humana para apagar las llamas que amenazaban propagarse r\u00e1pidamente en las construcciones aleda\u00f1as. As\u00ed fue como este suceso dio nacimiento a la creaci\u00f3n del primer Cuerpo de Bomberos Voluntarios que hoy cumple 132 a\u00f1os de vida.\u00a0<\/p>\n\n\n\n<p>De esta manera, el 2 de junio es el d\u00eda para honrar a estos hombres y mujeres que, con gran responsabilidad y vocaci\u00f3n, cumplen un importante rol social en la prevenci\u00f3n y cuidado de sus comunidades. En la actualidad, Argentina cuenta con m\u00e1s de 43.000 bomberos voluntarios, de los cuales 7000 son mujeres, distribuidos en m\u00e1s de&nbsp;900 cuerpos en todo el pa\u00eds.&nbsp;<\/p>\n\n\n\n<p>\u00abEl bombero es una persona muy comprometida con su comunidad y tremendamente responsable porque el voluntariado de bomberos requiere de mucho profesionalismo. Ser bombero implica un voluntariado de 24 horas por 7 d\u00edas, los 365 d\u00edas del a\u00f1o\u201d, expres\u00f3 Javier Ferlise, Presidente de Fundaci\u00f3n Bomberos de Argentina.<\/p>\n\n\n\n<iframe data-src=\"https:\/\/www.facebook.com\/plugins\/post.php?href=https%3A%2F%2Fwww.facebook.com%2Feldiario.desanpedro%2Fposts%2F1573673552841778&#038;show_text=true&#038;width=500\" width=\"500\" height=\"829\" style=\"border:none;overflow:hidden\" scrolling=\"no\" frameborder=\"0\" allowfullscreen=\"true\" allow=\"autoplay; clipboard-write; encrypted-media; picture-in-picture; web-share\" src=\"data:image\/svg+xml;base64,PHN2ZyB3aWR0aD0iMSIgaGVpZ2h0PSIxIiB4bWxucz0iaHR0cDovL3d3dy53My5vcmcvMjAwMC9zdmciPjwvc3ZnPg==\" class=\"lazyload\" data-load-mode=\"1\"><\/iframe>\n","protected":false},"excerpt":{"rendered":"<p>Este mi\u00e9rcoles se celebra un d\u00eda mas del Dia Nacional del Bombero Voluntario y en nuestra ciudad se realizo un izamiento de banderas y un toque de sirena con personal reducido para conmemorar este d\u00eda festivo que lamentablemente no se podr\u00e1 realizar, al igual que el a\u00f1o pasado, la tradicional chocolatada. La historia comenz\u00f3 el [&hellip;]<\/p>\n","protected":false},"author":4,"featured_media":93552,"comment_status":"open","ping_status":"closed","sticky":false,"template":"","format":"standard","meta":{"om_disable_all_campaigns":false,"_jetpack_memberships_contains_paid_content":false,"footnotes":""},"categories":[50,101,2],"tags":[],"class_list":["post-93551","post","type-post","status-publish","format-standard","has-post-thumbnail","hentry","category-destacadas","category-interes-general-locales","category-locales"],"aioseo_notices":[],"gutentor_comment":0,"jetpack_featured_media_url":"https:\/\/eldiariodesanpedro.com.ar\/sitio\/wp-content\/uploads\/2021\/06\/195498954_1573673382841795_6172570480733983681_n.jpg","jetpack_shortlink":"https:\/\/wp.me\/p6RhLt-okT","jetpack_sharing_enabled":true,"_links":{"self":[{"href":"https:\/\/eldiariodesanpedro.com.ar\/sitio\/wp-json\/wp\/v2\/posts\/93551","targetHints":{"allow":["GET"]}}],"collection":[{"href":"https:\/\/eldiariodesanpedro.com.ar\/sitio\/wp-json\/wp\/v2\/posts"}],"about":[{"href":"https:\/\/eldiariodesanpedro.com.ar\/sitio\/wp-json\/wp\/v2\/types\/post"}],"author":[{"embeddable":true,"href":"https:\/\/eldiariodesanpedro.com.ar\/sitio\/wp-json\/wp\/v2\/users\/4"}],"replies":[{"embeddable":true,"href":"https:\/\/eldiariodesanpedro.com.ar\/sitio\/wp-json\/wp\/v2\/comments?post=93551"}],"version-history":[{"count":1,"href":"https:\/\/eldiariodesanpedro.com.ar\/sitio\/wp-json\/wp\/v2\/posts\/93551\/revisions"}],"predecessor-version":[{"id":93553,"href":"https:\/\/eldiariodesanpedro.com.ar\/sitio\/wp-json\/wp\/v2\/posts\/93551\/revisions\/93553"}],"wp:featuredmedia":[{"embeddable":true,"href":"https:\/\/eldiariodesanpedro.com.ar\/sitio\/wp-json\/wp\/v2\/media\/93552"}],"wp:attachment":[{"href":"https:\/\/eldiariodesanpedro.com.ar\/sitio\/wp-json\/wp\/v2\/media?parent=93551"}],"wp:term":[{"taxonomy":"category","embeddable":true,"href":"https:\/\/eldiariodesanpedro.com.ar\/sitio\/wp-json\/wp\/v2\/categories?post=93551"},{"taxonomy":"post_tag","embeddable":true,"href":"https:\/\/eldiariodesanpedro.com.ar\/sitio\/wp-json\/wp\/v2\/tags?post=93551"}],"curies":[{"name":"wp","href":"https:\/\/api.w.org\/{rel}","templated":true}]}}