{"id":93547,"date":"2021-06-02T10:17:55","date_gmt":"2021-06-02T13:17:55","guid":{"rendered":"https:\/\/eldiariodesanpedro.com.ar\/sitio\/?p=93547"},"modified":"2021-06-02T10:18:00","modified_gmt":"2021-06-02T13:18:00","slug":"un-camion-perdio-el-control-y-choco-contra-una-columna","status":"publish","type":"post","link":"https:\/\/eldiariodesanpedro.com.ar\/sitio\/un-camion-perdio-el-control-y-choco-contra-una-columna\/","title":{"rendered":"Un cami\u00f3n perdi\u00f3 el control y choco contra una columna"},"content":{"rendered":"<!-- VideographyWP Plugin Message: Automatic video embedding prevented by plugin options. -->\n\n<p>El siniestro ocurri\u00f3 en horas de la noche de este martes cuando un cami\u00f3n perdi\u00f3 el control e impacto contra una columna.<\/p>\n\n\n\n<p>El hecho tuvo lugar en Av. 3 de Febrero y Crucero general Belgrano a pocos metros de la rotonda y en cercan\u00edas al estacionamiento del Puerto San Pedro alrededor de las 00:30 hs, donde por motivos que se tratan de establecer el conductor perdi\u00f3 el control del rodado un cami\u00f3n marca Ford Cargo subiendo a a un cumulo de tierra e impactando contra una columna de luz de hormig\u00f3n que se encontraba en el lugar.<\/p>\n\n\n\n<p>Durante la ma\u00f1ana de hoy se trabajo intensamente para retirar el veh\u00edculo del lugar con un tractor y otro cami\u00f3n.<\/p>\n\n\n\n<p>Afortunadamente su conductor un hombre mayor de edad resulto ileso.<\/p>\n\n\n\n<figure class=\"wp-block-image size-large\"><img decoding=\"async\" width=\"1024\" height=\"498\" data-attachment-id=\"93548\" data-permalink=\"https:\/\/eldiariodesanpedro.com.ar\/sitio\/un-camion-perdio-el-control-y-choco-contra-una-columna\/whatsapp-image-2021-06-02-at-10-04-05-1\/\" data-orig-file=\"https:\/\/eldiariodesanpedro.com.ar\/sitio\/wp-content\/uploads\/2021\/06\/WhatsApp-Image-2021-06-02-at-10.04.05-1.jpeg\" data-orig-size=\"1280,622\" data-comments-opened=\"1\" data-image-meta=\"{&quot;aperture&quot;:&quot;0&quot;,&quot;credit&quot;:&quot;&quot;,&quot;camera&quot;:&quot;&quot;,&quot;caption&quot;:&quot;&quot;,&quot;created_timestamp&quot;:&quot;0&quot;,&quot;copyright&quot;:&quot;&quot;,&quot;focal_length&quot;:&quot;0&quot;,&quot;iso&quot;:&quot;0&quot;,&quot;shutter_speed&quot;:&quot;0&quot;,&quot;title&quot;:&quot;&quot;,&quot;orientation&quot;:&quot;0&quot;}\" data-image-title=\"WhatsApp Image 2021-06-02 at 10.04.05 (1)\" data-image-description=\"\" data-image-caption=\"\" data-large-file=\"https:\/\/eldiariodesanpedro.com.ar\/sitio\/wp-content\/uploads\/2021\/06\/WhatsApp-Image-2021-06-02-at-10.04.05-1-1024x498.jpeg\" data-src=\"https:\/\/eldiariodesanpedro.com.ar\/sitio\/wp-content\/uploads\/2021\/06\/WhatsApp-Image-2021-06-02-at-10.04.05-1-1024x498.jpeg\" alt=\"\" class=\"wp-image-93548 lazyload\" data-srcset=\"https:\/\/eldiariodesanpedro.com.ar\/sitio\/wp-content\/uploads\/2021\/06\/WhatsApp-Image-2021-06-02-at-10.04.05-1-1024x498.jpeg 1024w, https:\/\/eldiariodesanpedro.com.ar\/sitio\/wp-content\/uploads\/2021\/06\/WhatsApp-Image-2021-06-02-at-10.04.05-1-300x146.jpeg 300w, https:\/\/eldiariodesanpedro.com.ar\/sitio\/wp-content\/uploads\/2021\/06\/WhatsApp-Image-2021-06-02-at-10.04.05-1-768x373.jpeg 768w, https:\/\/eldiariodesanpedro.com.ar\/sitio\/wp-content\/uploads\/2021\/06\/WhatsApp-Image-2021-06-02-at-10.04.05-1.jpeg 1280w\" data-sizes=\"(max-width: 1024px) 100vw, 1024px\" src=\"data:image\/svg+xml;base64,PHN2ZyB3aWR0aD0iMSIgaGVpZ2h0PSIxIiB4bWxucz0iaHR0cDovL3d3dy53My5vcmcvMjAwMC9zdmciPjwvc3ZnPg==\" style=\"--smush-placeholder-width: 1024px; --smush-placeholder-aspect-ratio: 1024\/498;\" \/><\/figure>\n","protected":false},"excerpt":{"rendered":"<p>El siniestro ocurri\u00f3 en horas de la noche de este martes cuando un cami\u00f3n perdi\u00f3 el control e impacto contra una columna. El hecho tuvo lugar en Av. 3 de Febrero y Crucero general Belgrano a pocos metros de la rotonda y en cercan\u00edas al estacionamiento del Puerto San Pedro alrededor de las 00:30 hs, [&hellip;]<\/p>\n","protected":false},"author":4,"featured_media":93549,"comment_status":"open","ping_status":"closed","sticky":false,"template":"","format":"standard","meta":{"om_disable_all_campaigns":false,"_jetpack_memberships_contains_paid_content":false,"footnotes":""},"categories":[50,101,2],"tags":[],"class_list":["post-93547","post","type-post","status-publish","format-standard","has-post-thumbnail","hentry","category-destacadas","category-interes-general-locales","category-locales"],"aioseo_notices":[],"gutentor_comment":0,"jetpack_featured_media_url":"https:\/\/eldiariodesanpedro.com.ar\/sitio\/wp-content\/uploads\/2021\/06\/WhatsApp-Image-2021-06-02-at-10.04.05.jpeg","jetpack_shortlink":"https:\/\/wp.me\/p6RhLt-okP","jetpack_sharing_enabled":true,"_links":{"self":[{"href":"https:\/\/eldiariodesanpedro.com.ar\/sitio\/wp-json\/wp\/v2\/posts\/93547","targetHints":{"allow":["GET"]}}],"collection":[{"href":"https:\/\/eldiariodesanpedro.com.ar\/sitio\/wp-json\/wp\/v2\/posts"}],"about":[{"href":"https:\/\/eldiariodesanpedro.com.ar\/sitio\/wp-json\/wp\/v2\/types\/post"}],"author":[{"embeddable":true,"href":"https:\/\/eldiariodesanpedro.com.ar\/sitio\/wp-json\/wp\/v2\/users\/4"}],"replies":[{"embeddable":true,"href":"https:\/\/eldiariodesanpedro.com.ar\/sitio\/wp-json\/wp\/v2\/comments?post=93547"}],"version-history":[{"count":1,"href":"https:\/\/eldiariodesanpedro.com.ar\/sitio\/wp-json\/wp\/v2\/posts\/93547\/revisions"}],"predecessor-version":[{"id":93550,"href":"https:\/\/eldiariodesanpedro.com.ar\/sitio\/wp-json\/wp\/v2\/posts\/93547\/revisions\/93550"}],"wp:featuredmedia":[{"embeddable":true,"href":"https:\/\/eldiariodesanpedro.com.ar\/sitio\/wp-json\/wp\/v2\/media\/93549"}],"wp:attachment":[{"href":"https:\/\/eldiariodesanpedro.com.ar\/sitio\/wp-json\/wp\/v2\/media?parent=93547"}],"wp:term":[{"taxonomy":"category","embeddable":true,"href":"https:\/\/eldiariodesanpedro.com.ar\/sitio\/wp-json\/wp\/v2\/categories?post=93547"},{"taxonomy":"post_tag","embeddable":true,"href":"https:\/\/eldiariodesanpedro.com.ar\/sitio\/wp-json\/wp\/v2\/tags?post=93547"}],"curies":[{"name":"wp","href":"https:\/\/api.w.org\/{rel}","templated":true}]}}