{"id":93535,"date":"2021-06-01T20:10:22","date_gmt":"2021-06-01T23:10:22","guid":{"rendered":"https:\/\/eldiariodesanpedro.com.ar\/sitio\/?p=93535"},"modified":"2021-06-01T20:10:28","modified_gmt":"2021-06-01T23:10:28","slug":"el-gobierno-provincial-busca-prohibir-la-venta-de-cigarrillos-sueltos","status":"publish","type":"post","link":"https:\/\/eldiariodesanpedro.com.ar\/sitio\/el-gobierno-provincial-busca-prohibir-la-venta-de-cigarrillos-sueltos\/","title":{"rendered":"El Gobierno Provincial busca prohibir la venta de cigarrillos sueltos"},"content":{"rendered":"<!-- VideographyWP Plugin Message: Automatic video embedding prevented by plugin options. -->\n\n<p><strong>La Provincia envi\u00f3 un proyecto a la Legislatura para crear una nueva ley de Tabaco que contempla la prohibici\u00f3n de la venta fraccionada de cigarrillos, de la publicidad y de la venta en las cercan\u00edas de las escuelas.<\/strong><\/p>\n\n\n\n<p>Desde el miniterio de Salud provincial remarcaron que este proyecto mejora el est\u00e1ndar legislativo para el control de tabaco en la Provincia, y garantiza \u201ca la poblaci\u00f3n un mayor nivel de protecci\u00f3n en cuanto a la exposici\u00f3n al humo ambiental de tabaco y al preservar a los adolescentes de la publicidad, promoci\u00f3n y patrocinio que llevan adelante como estrategia comercial las tabacaleras\u201d.<\/p>\n\n\n\n<p>Entre los puntos que se destacan del proyecto se encuentra la prohibici\u00f3n completa de la Publicidad, Promoci\u00f3n, Patrocinio y exhibici\u00f3n de productos de tabaco, sistemas electr\u00f3nicos con y sin administraci\u00f3n de nicotina y productos de tabaco calentado y la prohibici\u00f3n de venta en lugares que se encuentren a menos de 100 metros de distancia de los establecimientos de educaci\u00f3n b\u00e1sica y media.<\/p>\n\n\n\n<p>Adem\u00e1s, con el objetivo de brindar acompa\u00f1amiento a la poblaci\u00f3n, el texto contempla que los subsistemas de salud, p\u00fablico, privado y de seguridad social deber\u00e1n garantizar la atenci\u00f3n a la adicci\u00f3n al tabaco con tratamientos conductuales y farmacol\u00f3gicos.<\/p>\n\n\n\n<p>En la actualidad la Ley 13894, modificada por la Ley 14381, permite fumar en patios, terrazas, balcones y dem\u00e1s espacios al aire libre de los lugares cerrados de acceso al p\u00fablico, en clubes para fumadores de tabaco, para personas mayores de 18 a\u00f1os y las tabaquer\u00edas con \u00e1reas especiales para degustaci\u00f3n, as\u00ed como tambi\u00e9n en centros de salud mental y de detenci\u00f3n de naturaleza penal y\/o contravencional.<\/p>\n\n\n\n<p>Para la elaboraci\u00f3n del proyecto, que fue una iniciativa del ministerio de Salud, se conform\u00f3 una mesa t\u00e9cnica en la que participaron el Departamento de Contralor del Tabaco y Establecimientos Comerciales, el Programa Nacional de Control de Tabaco, la Fundaci\u00f3n Interamericana del Coraz\u00f3n Argentina (FIC Argentina), la Asociaci\u00f3n Argentina de Tabacolog\u00eda (AsAT), la Uni\u00f3n Antitab\u00e1quica Argentina (UATA), la Universidad de La Plata y expertos en tabaquismo.<\/p>\n\n\n\n<p><strong>Otros puntos del proyecto<\/strong><br>Prohibici\u00f3n de venta de cigarrillos sueltos o fraccionada<br>Modificaci\u00f3n del r\u00e9gimen de sanciones<br>Creaci\u00f3n de una cuenta especial para fondos generados por multas<br>Proponer a los municipios disponer de un \u00e1rea de contralor de tabaco<br>Se contempla en el texto de la ley al Ministerio de Salud como Autoridad de Aplicaci\u00f3n<br>Contempla la formaci\u00f3n post b\u00e1sica en la tem\u00e1tica en las carreras relacionadas con la salud.<\/p>\n\n\n\n<p><\/p>\n","protected":false},"excerpt":{"rendered":"<p>La Provincia envi\u00f3 un proyecto a la Legislatura para crear una nueva ley de Tabaco que contempla la prohibici\u00f3n de la venta fraccionada de cigarrillos, de la publicidad y de la venta en las cercan\u00edas de las escuelas. Desde el miniterio de Salud provincial remarcaron que este proyecto mejora el est\u00e1ndar legislativo para el control [&hellip;]<\/p>\n","protected":false},"author":4,"featured_media":93536,"comment_status":"open","ping_status":"closed","sticky":false,"template":"","format":"standard","meta":{"om_disable_all_campaigns":false,"_jetpack_memberships_contains_paid_content":false,"footnotes":""},"categories":[621],"tags":[],"class_list":["post-93535","post","type-post","status-publish","format-standard","has-post-thumbnail","hentry","category-regionales"],"aioseo_notices":[],"gutentor_comment":0,"jetpack_featured_media_url":"https:\/\/eldiariodesanpedro.com.ar\/sitio\/wp-content\/uploads\/2021\/06\/cigarrillos-aumento-precio-696x392-1.jpg","jetpack_shortlink":"https:\/\/wp.me\/p6RhLt-okD","jetpack_sharing_enabled":true,"_links":{"self":[{"href":"https:\/\/eldiariodesanpedro.com.ar\/sitio\/wp-json\/wp\/v2\/posts\/93535","targetHints":{"allow":["GET"]}}],"collection":[{"href":"https:\/\/eldiariodesanpedro.com.ar\/sitio\/wp-json\/wp\/v2\/posts"}],"about":[{"href":"https:\/\/eldiariodesanpedro.com.ar\/sitio\/wp-json\/wp\/v2\/types\/post"}],"author":[{"embeddable":true,"href":"https:\/\/eldiariodesanpedro.com.ar\/sitio\/wp-json\/wp\/v2\/users\/4"}],"replies":[{"embeddable":true,"href":"https:\/\/eldiariodesanpedro.com.ar\/sitio\/wp-json\/wp\/v2\/comments?post=93535"}],"version-history":[{"count":1,"href":"https:\/\/eldiariodesanpedro.com.ar\/sitio\/wp-json\/wp\/v2\/posts\/93535\/revisions"}],"predecessor-version":[{"id":93537,"href":"https:\/\/eldiariodesanpedro.com.ar\/sitio\/wp-json\/wp\/v2\/posts\/93535\/revisions\/93537"}],"wp:featuredmedia":[{"embeddable":true,"href":"https:\/\/eldiariodesanpedro.com.ar\/sitio\/wp-json\/wp\/v2\/media\/93536"}],"wp:attachment":[{"href":"https:\/\/eldiariodesanpedro.com.ar\/sitio\/wp-json\/wp\/v2\/media?parent=93535"}],"wp:term":[{"taxonomy":"category","embeddable":true,"href":"https:\/\/eldiariodesanpedro.com.ar\/sitio\/wp-json\/wp\/v2\/categories?post=93535"},{"taxonomy":"post_tag","embeddable":true,"href":"https:\/\/eldiariodesanpedro.com.ar\/sitio\/wp-json\/wp\/v2\/tags?post=93535"}],"curies":[{"name":"wp","href":"https:\/\/api.w.org\/{rel}","templated":true}]}}