{"id":93532,"date":"2021-06-01T20:02:55","date_gmt":"2021-06-01T23:02:55","guid":{"rendered":"https:\/\/eldiariodesanpedro.com.ar\/sitio\/?p=93532"},"modified":"2021-06-01T20:02:59","modified_gmt":"2021-06-01T23:02:59","slug":"licitacion-para-un-equipo-de-rayos-x-movil-adquirido-con-fondos-generados-por-el-hospital","status":"publish","type":"post","link":"https:\/\/eldiariodesanpedro.com.ar\/sitio\/licitacion-para-un-equipo-de-rayos-x-movil-adquirido-con-fondos-generados-por-el-hospital\/","title":{"rendered":"Licitaci\u00f3n para un equipo de Rayos X m\u00f3vil adquirido con fondos generados por el Hospital"},"content":{"rendered":"<!-- VideographyWP Plugin Message: Automatic video embedding prevented by plugin options. -->\n\n<p>La Municipalidad de San Pedro realiz\u00f3 el llamado a licitaci\u00f3n para la adquisici\u00f3n de un equipo rodante de Rayos X para mejorar su infraestructura en la prestaci\u00f3n de este tipo de servicio.<\/p>\n\n\n\n<p>Se trata de una inversi\u00f3n de aproximadamente 6 millones de pesos que podr\u00e1 ser afrontada desde el Hospital Emilio Ruffa con fondos propios, provenientes de las gestiones que se realizan desde la Direcci\u00f3n y la Administraci\u00f3n del nosocomio en el seguimiento de las prestaciones efectuadas a vecinos y vecinas con obra social.<\/p>\n\n\n\n<p>Desde el gobierno municipal se tom\u00f3 la decisi\u00f3n de llevar adelante esta convocatoria, ratificando la pol\u00edtica que se viene llevando adelante para que el Hospital ponga al servicio de la comunidad procedimientos m\u00e1s precisos y confiables en los diagn\u00f3sticos.<\/p>\n\n\n\n<p>\u00a8La apertura de sobres con las propuestas recibidas se realizar\u00e1 el pr\u00f3ximo 30 de junio.<\/p>\n","protected":false},"excerpt":{"rendered":"<p>La Municipalidad de San Pedro realiz\u00f3 el llamado a licitaci\u00f3n para la adquisici\u00f3n de un equipo rodante de Rayos X para mejorar su infraestructura en la prestaci\u00f3n de este tipo de servicio. Se trata de una inversi\u00f3n de aproximadamente 6 millones de pesos que podr\u00e1 ser afrontada desde el Hospital Emilio Ruffa con fondos propios, [&hellip;]<\/p>\n","protected":false},"author":4,"featured_media":93533,"comment_status":"open","ping_status":"closed","sticky":false,"template":"","format":"standard","meta":{"om_disable_all_campaigns":false,"_jetpack_memberships_contains_paid_content":false,"footnotes":""},"categories":[50,101,2],"tags":[],"class_list":["post-93532","post","type-post","status-publish","format-standard","has-post-thumbnail","hentry","category-destacadas","category-interes-general-locales","category-locales"],"aioseo_notices":[],"gutentor_comment":0,"jetpack_featured_media_url":"https:\/\/eldiariodesanpedro.com.ar\/sitio\/wp-content\/uploads\/2021\/06\/WhatsApp-Image-2021-06-01-at-19.44.43.jpeg","jetpack_shortlink":"https:\/\/wp.me\/p6RhLt-okA","jetpack_sharing_enabled":true,"_links":{"self":[{"href":"https:\/\/eldiariodesanpedro.com.ar\/sitio\/wp-json\/wp\/v2\/posts\/93532","targetHints":{"allow":["GET"]}}],"collection":[{"href":"https:\/\/eldiariodesanpedro.com.ar\/sitio\/wp-json\/wp\/v2\/posts"}],"about":[{"href":"https:\/\/eldiariodesanpedro.com.ar\/sitio\/wp-json\/wp\/v2\/types\/post"}],"author":[{"embeddable":true,"href":"https:\/\/eldiariodesanpedro.com.ar\/sitio\/wp-json\/wp\/v2\/users\/4"}],"replies":[{"embeddable":true,"href":"https:\/\/eldiariodesanpedro.com.ar\/sitio\/wp-json\/wp\/v2\/comments?post=93532"}],"version-history":[{"count":1,"href":"https:\/\/eldiariodesanpedro.com.ar\/sitio\/wp-json\/wp\/v2\/posts\/93532\/revisions"}],"predecessor-version":[{"id":93534,"href":"https:\/\/eldiariodesanpedro.com.ar\/sitio\/wp-json\/wp\/v2\/posts\/93532\/revisions\/93534"}],"wp:featuredmedia":[{"embeddable":true,"href":"https:\/\/eldiariodesanpedro.com.ar\/sitio\/wp-json\/wp\/v2\/media\/93533"}],"wp:attachment":[{"href":"https:\/\/eldiariodesanpedro.com.ar\/sitio\/wp-json\/wp\/v2\/media?parent=93532"}],"wp:term":[{"taxonomy":"category","embeddable":true,"href":"https:\/\/eldiariodesanpedro.com.ar\/sitio\/wp-json\/wp\/v2\/categories?post=93532"},{"taxonomy":"post_tag","embeddable":true,"href":"https:\/\/eldiariodesanpedro.com.ar\/sitio\/wp-json\/wp\/v2\/tags?post=93532"}],"curies":[{"name":"wp","href":"https:\/\/api.w.org\/{rel}","templated":true}]}}