{"id":93526,"date":"2021-06-01T18:40:43","date_gmt":"2021-06-01T21:40:43","guid":{"rendered":"https:\/\/eldiariodesanpedro.com.ar\/sitio\/?p=93526"},"modified":"2021-06-01T18:40:47","modified_gmt":"2021-06-01T21:40:47","slug":"presentan-un-plan-para-que-estudiantes-finalicen-la-escuela-secundaria","status":"publish","type":"post","link":"https:\/\/eldiariodesanpedro.com.ar\/sitio\/presentan-un-plan-para-que-estudiantes-finalicen-la-escuela-secundaria\/","title":{"rendered":"Presentan un plan para que estudiantes finalicen la escuela secundaria"},"content":{"rendered":"<!-- VideographyWP Plugin Message: Automatic video embedding prevented by plugin options. -->\n\n<p>El Gobierno anunci\u00f3 este martes que puso en marcha un programa de acompa\u00f1amiento pedag\u00f3gico y de becas para que unos 400.000 j\u00f3venes que adeudan materias del secundario puedan obtener su t\u00edtulo luego de haber cursado entre 2016 y 2020. Seg\u00fan inform\u00f3 el Ministerio de Educaci\u00f3n de la Naci\u00f3n que encabeza Nicol\u00e1s Trotta, la inversi\u00f3n inicial, con la que se solventar\u00e1n becas y sueldos de docentes, es de 4.000 millones de pesos.<\/p>\n\n\n\n<p>El programa \u201cEgresar: Proyecta tu futuro\u201d est\u00e1 destinado a que los j\u00f3venes puedan obtener su t\u00edtulo secundario e insertarse as\u00ed en el mundo laboral o en la educaci\u00f3n superior, a trav\u00e9s de un acompa\u00f1amiento pedag\u00f3gico, que se extender\u00e1 por dos cuatrimestres a partir de agosto pr\u00f3ximo. Tambi\u00e9n se inform\u00f3 que los j\u00f3venes pueden obtener la beca \u201cEgresar\u201d, de 5.000 pesos por mes, y la referenciaci\u00f3n de escuelas sede cercanas al domicilio del estudiante, para que all\u00ed completen sus estudios.<\/p>\n\n\n\n<p>De acuerdo a datos difundidos por la cartera educativa se estima que unos 80.000 estudiantes por a\u00f1o se encuentran en esta condici\u00f3n y, si se toma un per\u00edodo desde el 2016 a la fecha, el universo estimado de alumnos alcanzados por el programa es de 400.000 en todo el pa\u00eds.<\/p>\n\n\n\n<p>La inversi\u00f3n inicial de 4.000 millones de pesos que realizar\u00e1 el Gobierno nacional estar\u00e1 destinado a este primer grupo y esos recursos, adem\u00e1s de las becas, ser\u00e1n para solventar tambi\u00e9n las horas c\u00e1tedra de los docentes que estar\u00e1n a cargo del acompa\u00f1amiento de las trayectorias curriculares.<\/p>\n\n\n\n<p>La inscripci\u00f3n se llevar\u00e1 adelante a partir del 14 de junio al 16 de julio en la plataforma egresar que estar\u00e1 disponible en la p\u00e1gina web del Ministerio de Educaci\u00f3n:&nbsp;<strong><a href=\"http:\/\/www.argentina.gob.ar\/educacion\">www.argentina.gob.ar\/educacion<\/a><\/strong><\/p>\n\n\n\n<p><strong>EXPULSADOS POR EL SISTEMA<\/strong><br>Al presentar el programa, el ministro de Educaci\u00f3n Nicol\u00e1s Trotta asegur\u00f3: \u201cNo creemos que haya j\u00f3venes que abandonan la escuela, sino que sufren la realidad de expulsi\u00f3n del sistema educativo; no es una carga individual, es una responsabilidad institucional y de la sociedad\u201d<\/p>\n\n\n\n<p>\u201cEs deber del Estado y principalmente de los gobiernos, generar las condiciones para la ruptura de las desigualdades y eso implica el despliegue de pol\u00edticas educativas que son m\u00e1s necesarias que nunca en el marco excepcional de la pandemia\u201d, concluy\u00f3 Trotta.<\/p>\n\n\n\n<p>El Plan trabajar\u00e1 de manera articulada territorialmente con el Injuve para \u201cque sea el Estado quien vaya a buscar a aquellos j\u00f3venes en situaci\u00f3n de mayor vulnerabilidad y puedan proyectar un futuro mejor. La terminalidad educativa es central y para ello es fundamental que el Estado est\u00e9 presente\u201d, explic\u00f3 por su parte Macarena S\u00e1nchez, la directora del Instituto Nacional de Juventudes (Injuve).<\/p>\n","protected":false},"excerpt":{"rendered":"<p>El Gobierno anunci\u00f3 este martes que puso en marcha un programa de acompa\u00f1amiento pedag\u00f3gico y de becas para que unos 400.000 j\u00f3venes que adeudan materias del secundario puedan obtener su t\u00edtulo luego de haber cursado entre 2016 y 2020. Seg\u00fan inform\u00f3 el Ministerio de Educaci\u00f3n de la Naci\u00f3n que encabeza Nicol\u00e1s Trotta, la inversi\u00f3n inicial, [&hellip;]<\/p>\n","protected":false},"author":4,"featured_media":93527,"comment_status":"open","ping_status":"closed","sticky":false,"template":"","format":"standard","meta":{"om_disable_all_campaigns":false,"_jetpack_memberships_contains_paid_content":false,"footnotes":""},"categories":[621],"tags":[],"class_list":["post-93526","post","type-post","status-publish","format-standard","has-post-thumbnail","hentry","category-regionales"],"aioseo_notices":[],"gutentor_comment":0,"jetpack_featured_media_url":"https:\/\/eldiariodesanpedro.com.ar\/sitio\/wp-content\/uploads\/2021\/06\/Escuela-Aula.jpg","jetpack_shortlink":"https:\/\/wp.me\/p6RhLt-oku","jetpack_sharing_enabled":true,"_links":{"self":[{"href":"https:\/\/eldiariodesanpedro.com.ar\/sitio\/wp-json\/wp\/v2\/posts\/93526","targetHints":{"allow":["GET"]}}],"collection":[{"href":"https:\/\/eldiariodesanpedro.com.ar\/sitio\/wp-json\/wp\/v2\/posts"}],"about":[{"href":"https:\/\/eldiariodesanpedro.com.ar\/sitio\/wp-json\/wp\/v2\/types\/post"}],"author":[{"embeddable":true,"href":"https:\/\/eldiariodesanpedro.com.ar\/sitio\/wp-json\/wp\/v2\/users\/4"}],"replies":[{"embeddable":true,"href":"https:\/\/eldiariodesanpedro.com.ar\/sitio\/wp-json\/wp\/v2\/comments?post=93526"}],"version-history":[{"count":1,"href":"https:\/\/eldiariodesanpedro.com.ar\/sitio\/wp-json\/wp\/v2\/posts\/93526\/revisions"}],"predecessor-version":[{"id":93528,"href":"https:\/\/eldiariodesanpedro.com.ar\/sitio\/wp-json\/wp\/v2\/posts\/93526\/revisions\/93528"}],"wp:featuredmedia":[{"embeddable":true,"href":"https:\/\/eldiariodesanpedro.com.ar\/sitio\/wp-json\/wp\/v2\/media\/93527"}],"wp:attachment":[{"href":"https:\/\/eldiariodesanpedro.com.ar\/sitio\/wp-json\/wp\/v2\/media?parent=93526"}],"wp:term":[{"taxonomy":"category","embeddable":true,"href":"https:\/\/eldiariodesanpedro.com.ar\/sitio\/wp-json\/wp\/v2\/categories?post=93526"},{"taxonomy":"post_tag","embeddable":true,"href":"https:\/\/eldiariodesanpedro.com.ar\/sitio\/wp-json\/wp\/v2\/tags?post=93526"}],"curies":[{"name":"wp","href":"https:\/\/api.w.org\/{rel}","templated":true}]}}