{"id":93524,"date":"2021-06-01T18:16:32","date_gmt":"2021-06-01T21:16:32","guid":{"rendered":"https:\/\/eldiariodesanpedro.com.ar\/sitio\/?p=93524"},"modified":"2021-06-01T18:16:37","modified_gmt":"2021-06-01T21:16:37","slug":"corte-programado-de-coopser-para-manana","status":"publish","type":"post","link":"https:\/\/eldiariodesanpedro.com.ar\/sitio\/corte-programado-de-coopser-para-manana\/","title":{"rendered":"Corte programado de Coopser para ma\u00f1ana"},"content":{"rendered":"<!-- VideographyWP Plugin Message: Automatic video embedding prevented by plugin options. -->\n\n<p>COOPSER informa que ma\u00f1ana mi\u00e9rcoles 2 de junio se realizar\u00e1 un corte de energ\u00eda para cumplir con tareas de mantenimiento que interrumpir\u00e1 el servicio el\u00e9ctrico en calle Bozzano desde el 601 al 887 (mano impar) de 8 a 9 hs aproximadamente.\u00a0<\/p>\n\n\n\n<p><strong>En caso de lluvia ser\u00e1 reprogramado.<\/strong><\/p>\n","protected":false},"excerpt":{"rendered":"<p>COOPSER informa que ma\u00f1ana mi\u00e9rcoles 2 de junio se realizar\u00e1 un corte de energ\u00eda para cumplir con tareas de mantenimiento que interrumpir\u00e1 el servicio el\u00e9ctrico en calle Bozzano desde el 601 al 887 (mano impar) de 8 a 9 hs aproximadamente.\u00a0 En caso de lluvia ser\u00e1 reprogramado.<\/p>\n","protected":false},"author":4,"featured_media":77036,"comment_status":"open","ping_status":"closed","sticky":false,"template":"","format":"standard","meta":{"om_disable_all_campaigns":false,"_jetpack_memberships_contains_paid_content":false,"footnotes":""},"categories":[101,2],"tags":[],"class_list":["post-93524","post","type-post","status-publish","format-standard","has-post-thumbnail","hentry","category-interes-general-locales","category-locales"],"aioseo_notices":[],"gutentor_comment":0,"jetpack_featured_media_url":"https:\/\/eldiariodesanpedro.com.ar\/sitio\/wp-content\/uploads\/2020\/07\/archivo-coopser.jpeg","jetpack_shortlink":"https:\/\/wp.me\/p6RhLt-oks","jetpack_sharing_enabled":true,"_links":{"self":[{"href":"https:\/\/eldiariodesanpedro.com.ar\/sitio\/wp-json\/wp\/v2\/posts\/93524","targetHints":{"allow":["GET"]}}],"collection":[{"href":"https:\/\/eldiariodesanpedro.com.ar\/sitio\/wp-json\/wp\/v2\/posts"}],"about":[{"href":"https:\/\/eldiariodesanpedro.com.ar\/sitio\/wp-json\/wp\/v2\/types\/post"}],"author":[{"embeddable":true,"href":"https:\/\/eldiariodesanpedro.com.ar\/sitio\/wp-json\/wp\/v2\/users\/4"}],"replies":[{"embeddable":true,"href":"https:\/\/eldiariodesanpedro.com.ar\/sitio\/wp-json\/wp\/v2\/comments?post=93524"}],"version-history":[{"count":1,"href":"https:\/\/eldiariodesanpedro.com.ar\/sitio\/wp-json\/wp\/v2\/posts\/93524\/revisions"}],"predecessor-version":[{"id":93525,"href":"https:\/\/eldiariodesanpedro.com.ar\/sitio\/wp-json\/wp\/v2\/posts\/93524\/revisions\/93525"}],"wp:featuredmedia":[{"embeddable":true,"href":"https:\/\/eldiariodesanpedro.com.ar\/sitio\/wp-json\/wp\/v2\/media\/77036"}],"wp:attachment":[{"href":"https:\/\/eldiariodesanpedro.com.ar\/sitio\/wp-json\/wp\/v2\/media?parent=93524"}],"wp:term":[{"taxonomy":"category","embeddable":true,"href":"https:\/\/eldiariodesanpedro.com.ar\/sitio\/wp-json\/wp\/v2\/categories?post=93524"},{"taxonomy":"post_tag","embeddable":true,"href":"https:\/\/eldiariodesanpedro.com.ar\/sitio\/wp-json\/wp\/v2\/tags?post=93524"}],"curies":[{"name":"wp","href":"https:\/\/api.w.org\/{rel}","templated":true}]}}