{"id":93518,"date":"2021-06-01T13:13:57","date_gmt":"2021-06-01T16:13:57","guid":{"rendered":"https:\/\/eldiariodesanpedro.com.ar\/sitio\/?p=93518"},"modified":"2021-06-01T13:14:01","modified_gmt":"2021-06-01T16:14:01","slug":"dos-nuevos-fallecimientos-sra-juana-martinez-de-58-anos-y-diego-moragues-de-51-anos","status":"publish","type":"post","link":"https:\/\/eldiariodesanpedro.com.ar\/sitio\/dos-nuevos-fallecimientos-sra-juana-martinez-de-58-anos-y-diego-moragues-de-51-anos\/","title":{"rendered":"Dos nuevos fallecimientos Sra. Juana Mart\u00ednez de 58 a\u00f1os y Diego Moragues de 51 a\u00f1os"},"content":{"rendered":"<!-- VideographyWP Plugin Message: Automatic video embedding prevented by plugin options. -->\n\n<p>En la jornada de hoy la Secretaria de Salud informa el fallecimiento de dos nuevos ciudadanos y son el segundo y tercer fallecimiento del d\u00eda.<\/p>\n\n\n\n<p>La Secretar\u00eda de Salud informa el fallecimiento de la Sra. Juana Mart\u00ednez de 58 a\u00f1os, internada en cl\u00ednica privada con un cuadro de Covid-19 positivo.<\/p>\n\n\n\n<p>La Secretar\u00eda de Salud informa el fallecimiento del Sr. Diego Moragues de 51 a\u00f1os, internado con un caso positivo de Covid-19 en sanatorio privado.<\/p>\n\n\n\n<p>Compartimos las condolencias con sus familiares y amigos<\/p>\n","protected":false},"excerpt":{"rendered":"<p>En la jornada de hoy la Secretaria de Salud informa el fallecimiento de dos nuevos ciudadanos y son el segundo y tercer fallecimiento del d\u00eda. La Secretar\u00eda de Salud informa el fallecimiento de la Sra. Juana Mart\u00ednez de 58 a\u00f1os, internada en cl\u00ednica privada con un cuadro de Covid-19 positivo. La Secretar\u00eda de Salud informa [&hellip;]<\/p>\n","protected":false},"author":4,"featured_media":77464,"comment_status":"open","ping_status":"closed","sticky":false,"template":"","format":"standard","meta":{"om_disable_all_campaigns":false,"_jetpack_memberships_contains_paid_content":false,"footnotes":""},"categories":[50,101,2],"tags":[],"class_list":["post-93518","post","type-post","status-publish","format-standard","has-post-thumbnail","hentry","category-destacadas","category-interes-general-locales","category-locales"],"aioseo_notices":[],"gutentor_comment":0,"jetpack_featured_media_url":"https:\/\/eldiariodesanpedro.com.ar\/sitio\/wp-content\/uploads\/2020\/07\/5e87e1dede692.jpeg","jetpack_shortlink":"https:\/\/wp.me\/p6RhLt-okm","jetpack_sharing_enabled":true,"_links":{"self":[{"href":"https:\/\/eldiariodesanpedro.com.ar\/sitio\/wp-json\/wp\/v2\/posts\/93518","targetHints":{"allow":["GET"]}}],"collection":[{"href":"https:\/\/eldiariodesanpedro.com.ar\/sitio\/wp-json\/wp\/v2\/posts"}],"about":[{"href":"https:\/\/eldiariodesanpedro.com.ar\/sitio\/wp-json\/wp\/v2\/types\/post"}],"author":[{"embeddable":true,"href":"https:\/\/eldiariodesanpedro.com.ar\/sitio\/wp-json\/wp\/v2\/users\/4"}],"replies":[{"embeddable":true,"href":"https:\/\/eldiariodesanpedro.com.ar\/sitio\/wp-json\/wp\/v2\/comments?post=93518"}],"version-history":[{"count":1,"href":"https:\/\/eldiariodesanpedro.com.ar\/sitio\/wp-json\/wp\/v2\/posts\/93518\/revisions"}],"predecessor-version":[{"id":93519,"href":"https:\/\/eldiariodesanpedro.com.ar\/sitio\/wp-json\/wp\/v2\/posts\/93518\/revisions\/93519"}],"wp:featuredmedia":[{"embeddable":true,"href":"https:\/\/eldiariodesanpedro.com.ar\/sitio\/wp-json\/wp\/v2\/media\/77464"}],"wp:attachment":[{"href":"https:\/\/eldiariodesanpedro.com.ar\/sitio\/wp-json\/wp\/v2\/media?parent=93518"}],"wp:term":[{"taxonomy":"category","embeddable":true,"href":"https:\/\/eldiariodesanpedro.com.ar\/sitio\/wp-json\/wp\/v2\/categories?post=93518"},{"taxonomy":"post_tag","embeddable":true,"href":"https:\/\/eldiariodesanpedro.com.ar\/sitio\/wp-json\/wp\/v2\/tags?post=93518"}],"curies":[{"name":"wp","href":"https:\/\/api.w.org\/{rel}","templated":true}]}}