{"id":93512,"date":"2021-06-01T12:31:50","date_gmt":"2021-06-01T15:31:50","guid":{"rendered":"https:\/\/eldiariodesanpedro.com.ar\/sitio\/?p=93512"},"modified":"2021-06-01T12:31:55","modified_gmt":"2021-06-01T15:31:55","slug":"detienen-a-un-delincuente-que-habia-protagonizado-un-robo-calificado-el-pasado-domingo","status":"publish","type":"post","link":"https:\/\/eldiariodesanpedro.com.ar\/sitio\/detienen-a-un-delincuente-que-habia-protagonizado-un-robo-calificado-el-pasado-domingo\/","title":{"rendered":"Detienen a un delincuente que hab\u00eda protagonizado un robo calificado el pasado domingo"},"content":{"rendered":"<!-- VideographyWP Plugin Message: Automatic video embedding prevented by plugin options. -->\n\n<p>La tarde de ayer personal del Gabinete Criminol\u00f3gico de la comisaria dio cumpliminto a una orden de allanamiento extendida por la justicia ordinaria donde se logr\u00f3 detener a un peligroso delincuente de nuestra ciudad.&nbsp;<\/p>\n\n\n\n<p>La medida tuvo lugar en calle Saavedra 2000 donde se detiene a a masculino de 20 a\u00f1os de edad, que era buscado como autor material de \u201crobo calificado\u201d, de un hecho inicial que tuvo lugar en la noche del domingo pasado, cuando dos j\u00f3venes de 18 y 24 a\u00f1os de edad, en Saavedra y Mateo Sbert fueron sorprendidos por dos delincuentes que lo despojaron de distintos efectos personales.&nbsp;<\/p>\n\n\n\n<p>Inmediato a ello la polic\u00eda logr\u00f3 detener a uno de los autores, un masculino de 20 a\u00f1os de edad, logrando recuperar una bicicleta, una mochila y documentaci\u00f3n sustra\u00eddos a las v\u00edctimas.&nbsp;<\/p>\n\n\n\n<p>Como fruto de la investigaci\u00f3n, se logr\u00f3 identificar al restante autor material, y de all\u00ed la orden judicial extendida para el restante delincuente, que se efectiviz\u00f3 en la tarde de ayer. Los dos delincuentes imputados permanecen alojados en sede policial<\/p>\n","protected":false},"excerpt":{"rendered":"<p>La tarde de ayer personal del Gabinete Criminol\u00f3gico de la comisaria dio cumpliminto a una orden de allanamiento extendida por la justicia ordinaria donde se logr\u00f3 detener a un peligroso delincuente de nuestra ciudad.&nbsp; La medida tuvo lugar en calle Saavedra 2000 donde se detiene a a masculino de 20 a\u00f1os de edad, que era [&hellip;]<\/p>\n","protected":false},"author":4,"featured_media":67079,"comment_status":"open","ping_status":"closed","sticky":false,"template":"","format":"standard","meta":{"om_disable_all_campaigns":false,"_jetpack_memberships_contains_paid_content":false,"footnotes":""},"categories":[2,103],"tags":[],"class_list":["post-93512","post","type-post","status-publish","format-standard","has-post-thumbnail","hentry","category-locales","category-policiales-locales"],"aioseo_notices":[],"gutentor_comment":0,"jetpack_featured_media_url":"https:\/\/eldiariodesanpedro.com.ar\/sitio\/wp-content\/uploads\/2020\/01\/menor-detenido3.jpg","jetpack_shortlink":"https:\/\/wp.me\/p6RhLt-okg","jetpack_sharing_enabled":true,"_links":{"self":[{"href":"https:\/\/eldiariodesanpedro.com.ar\/sitio\/wp-json\/wp\/v2\/posts\/93512","targetHints":{"allow":["GET"]}}],"collection":[{"href":"https:\/\/eldiariodesanpedro.com.ar\/sitio\/wp-json\/wp\/v2\/posts"}],"about":[{"href":"https:\/\/eldiariodesanpedro.com.ar\/sitio\/wp-json\/wp\/v2\/types\/post"}],"author":[{"embeddable":true,"href":"https:\/\/eldiariodesanpedro.com.ar\/sitio\/wp-json\/wp\/v2\/users\/4"}],"replies":[{"embeddable":true,"href":"https:\/\/eldiariodesanpedro.com.ar\/sitio\/wp-json\/wp\/v2\/comments?post=93512"}],"version-history":[{"count":1,"href":"https:\/\/eldiariodesanpedro.com.ar\/sitio\/wp-json\/wp\/v2\/posts\/93512\/revisions"}],"predecessor-version":[{"id":93513,"href":"https:\/\/eldiariodesanpedro.com.ar\/sitio\/wp-json\/wp\/v2\/posts\/93512\/revisions\/93513"}],"wp:featuredmedia":[{"embeddable":true,"href":"https:\/\/eldiariodesanpedro.com.ar\/sitio\/wp-json\/wp\/v2\/media\/67079"}],"wp:attachment":[{"href":"https:\/\/eldiariodesanpedro.com.ar\/sitio\/wp-json\/wp\/v2\/media?parent=93512"}],"wp:term":[{"taxonomy":"category","embeddable":true,"href":"https:\/\/eldiariodesanpedro.com.ar\/sitio\/wp-json\/wp\/v2\/categories?post=93512"},{"taxonomy":"post_tag","embeddable":true,"href":"https:\/\/eldiariodesanpedro.com.ar\/sitio\/wp-json\/wp\/v2\/tags?post=93512"}],"curies":[{"name":"wp","href":"https:\/\/api.w.org\/{rel}","templated":true}]}}