{"id":93510,"date":"2021-06-01T12:28:06","date_gmt":"2021-06-01T15:28:06","guid":{"rendered":"https:\/\/eldiariodesanpedro.com.ar\/sitio\/?p=93510"},"modified":"2021-06-01T14:12:00","modified_gmt":"2021-06-01T17:12:00","slug":"un-ciudadano-fue-herido-de-arma-de-fuego-en-unas-de-sus-piernas","status":"publish","type":"post","link":"https:\/\/eldiariodesanpedro.com.ar\/sitio\/un-ciudadano-fue-herido-de-arma-de-fuego-en-unas-de-sus-piernas\/","title":{"rendered":"Un ciudadano fue herido de arma de fuego en unas de sus piernas"},"content":{"rendered":"<!-- VideographyWP Plugin Message: Automatic video embedding prevented by plugin options. -->\n\n<p>En la noche de ayer lunes, el personal policial de nuestra ciudad es alertado a trav\u00e9s de una llamado al 911 donde se hace presente en Auli y 11 de Septiembre, donde constata que un ciudadano de 34 a\u00f1os fue herido de arma de fuego miembro inferior, por lo que es trasladado por el SAME hasta el nosocomio local donde es internado sin riesgo de vida, sedado debido a grado de alcohol en sangre.&nbsp;<\/p>\n\n\n\n<p>Se desconoce si se trat\u00f3 de un accidente o agresi\u00f3n, la v\u00edctima con m\u00faltiples antecedentes policiales, Se investiga interviene UFI 05.-<\/p>\n","protected":false},"excerpt":{"rendered":"<p>En la noche de ayer lunes, el personal policial de nuestra ciudad es alertado a trav\u00e9s de una llamado al 911 donde se hace presente en Auli y 11 de Septiembre, donde constata que un ciudadano de 34 a\u00f1os fue herido de arma de fuego miembro inferior, por lo que es trasladado por el SAME [&hellip;]<\/p>\n","protected":false},"author":4,"featured_media":66938,"comment_status":"open","ping_status":"closed","sticky":false,"template":"","format":"standard","meta":{"om_disable_all_campaigns":false,"_jetpack_memberships_contains_paid_content":false,"footnotes":""},"categories":[2,103],"tags":[],"class_list":["post-93510","post","type-post","status-publish","format-standard","has-post-thumbnail","hentry","category-locales","category-policiales-locales"],"aioseo_notices":[],"gutentor_comment":0,"jetpack_featured_media_url":"https:\/\/eldiariodesanpedro.com.ar\/sitio\/wp-content\/uploads\/2020\/01\/guardia-san-pedro-poli.jpg","jetpack_shortlink":"https:\/\/wp.me\/p6RhLt-oke","jetpack_sharing_enabled":true,"_links":{"self":[{"href":"https:\/\/eldiariodesanpedro.com.ar\/sitio\/wp-json\/wp\/v2\/posts\/93510","targetHints":{"allow":["GET"]}}],"collection":[{"href":"https:\/\/eldiariodesanpedro.com.ar\/sitio\/wp-json\/wp\/v2\/posts"}],"about":[{"href":"https:\/\/eldiariodesanpedro.com.ar\/sitio\/wp-json\/wp\/v2\/types\/post"}],"author":[{"embeddable":true,"href":"https:\/\/eldiariodesanpedro.com.ar\/sitio\/wp-json\/wp\/v2\/users\/4"}],"replies":[{"embeddable":true,"href":"https:\/\/eldiariodesanpedro.com.ar\/sitio\/wp-json\/wp\/v2\/comments?post=93510"}],"version-history":[{"count":2,"href":"https:\/\/eldiariodesanpedro.com.ar\/sitio\/wp-json\/wp\/v2\/posts\/93510\/revisions"}],"predecessor-version":[{"id":93523,"href":"https:\/\/eldiariodesanpedro.com.ar\/sitio\/wp-json\/wp\/v2\/posts\/93510\/revisions\/93523"}],"wp:featuredmedia":[{"embeddable":true,"href":"https:\/\/eldiariodesanpedro.com.ar\/sitio\/wp-json\/wp\/v2\/media\/66938"}],"wp:attachment":[{"href":"https:\/\/eldiariodesanpedro.com.ar\/sitio\/wp-json\/wp\/v2\/media?parent=93510"}],"wp:term":[{"taxonomy":"category","embeddable":true,"href":"https:\/\/eldiariodesanpedro.com.ar\/sitio\/wp-json\/wp\/v2\/categories?post=93510"},{"taxonomy":"post_tag","embeddable":true,"href":"https:\/\/eldiariodesanpedro.com.ar\/sitio\/wp-json\/wp\/v2\/tags?post=93510"}],"curies":[{"name":"wp","href":"https:\/\/api.w.org\/{rel}","templated":true}]}}