{"id":93508,"date":"2021-06-01T12:23:15","date_gmt":"2021-06-01T15:23:15","guid":{"rendered":"https:\/\/eldiariodesanpedro.com.ar\/sitio\/?p=93508"},"modified":"2021-06-01T12:23:19","modified_gmt":"2021-06-01T15:23:19","slug":"denuncio-que-le-robaron-dos-tijeras","status":"publish","type":"post","link":"https:\/\/eldiariodesanpedro.com.ar\/sitio\/denuncio-que-le-robaron-dos-tijeras\/","title":{"rendered":"Denunci\u00f3 que le robaron dos tijeras"},"content":{"rendered":"<!-- VideographyWP Plugin Message: Automatic video embedding prevented by plugin options. -->\n\n<p>En la jornada de ayer se recibi\u00f3 una denuncia en la comisar\u00eda local por parte de una mujer.&nbsp;<\/p>\n\n\n\n<p>Seg\u00fan la denunciante una mujer de 28 a\u00f1os de edad manifest\u00f3 antes los oficiales policiales que en la jornada de ayer delincuentes ignorados le robaron dos tijeras de su comercio rubro peluquer\u00eda ubicado en calle Mitre al 1000.<\/p>\n","protected":false},"excerpt":{"rendered":"<p>En la jornada de ayer se recibi\u00f3 una denuncia en la comisar\u00eda local por parte de una mujer.&nbsp; Seg\u00fan la denunciante una mujer de 28 a\u00f1os de edad manifest\u00f3 antes los oficiales policiales que en la jornada de ayer delincuentes ignorados le robaron dos tijeras de su comercio rubro peluquer\u00eda ubicado en calle Mitre al [&hellip;]<\/p>\n","protected":false},"author":4,"featured_media":45394,"comment_status":"open","ping_status":"closed","sticky":false,"template":"","format":"standard","meta":{"om_disable_all_campaigns":false,"_jetpack_memberships_contains_paid_content":false,"footnotes":""},"categories":[2,103],"tags":[],"class_list":["post-93508","post","type-post","status-publish","format-standard","has-post-thumbnail","hentry","category-locales","category-policiales-locales"],"aioseo_notices":[],"gutentor_comment":0,"jetpack_featured_media_url":"https:\/\/eldiariodesanpedro.com.ar\/sitio\/wp-content\/uploads\/2019\/01\/comisaria.jpg","jetpack_shortlink":"https:\/\/wp.me\/p6RhLt-okc","jetpack_sharing_enabled":true,"_links":{"self":[{"href":"https:\/\/eldiariodesanpedro.com.ar\/sitio\/wp-json\/wp\/v2\/posts\/93508","targetHints":{"allow":["GET"]}}],"collection":[{"href":"https:\/\/eldiariodesanpedro.com.ar\/sitio\/wp-json\/wp\/v2\/posts"}],"about":[{"href":"https:\/\/eldiariodesanpedro.com.ar\/sitio\/wp-json\/wp\/v2\/types\/post"}],"author":[{"embeddable":true,"href":"https:\/\/eldiariodesanpedro.com.ar\/sitio\/wp-json\/wp\/v2\/users\/4"}],"replies":[{"embeddable":true,"href":"https:\/\/eldiariodesanpedro.com.ar\/sitio\/wp-json\/wp\/v2\/comments?post=93508"}],"version-history":[{"count":1,"href":"https:\/\/eldiariodesanpedro.com.ar\/sitio\/wp-json\/wp\/v2\/posts\/93508\/revisions"}],"predecessor-version":[{"id":93509,"href":"https:\/\/eldiariodesanpedro.com.ar\/sitio\/wp-json\/wp\/v2\/posts\/93508\/revisions\/93509"}],"wp:featuredmedia":[{"embeddable":true,"href":"https:\/\/eldiariodesanpedro.com.ar\/sitio\/wp-json\/wp\/v2\/media\/45394"}],"wp:attachment":[{"href":"https:\/\/eldiariodesanpedro.com.ar\/sitio\/wp-json\/wp\/v2\/media?parent=93508"}],"wp:term":[{"taxonomy":"category","embeddable":true,"href":"https:\/\/eldiariodesanpedro.com.ar\/sitio\/wp-json\/wp\/v2\/categories?post=93508"},{"taxonomy":"post_tag","embeddable":true,"href":"https:\/\/eldiariodesanpedro.com.ar\/sitio\/wp-json\/wp\/v2\/tags?post=93508"}],"curies":[{"name":"wp","href":"https:\/\/api.w.org\/{rel}","templated":true}]}}