{"id":93505,"date":"2021-06-01T12:16:24","date_gmt":"2021-06-01T15:16:24","guid":{"rendered":"https:\/\/eldiariodesanpedro.com.ar\/sitio\/?p=93505"},"modified":"2021-06-01T12:16:30","modified_gmt":"2021-06-01T15:16:30","slug":"detencion-de-un-peligroso-delincuente-que-sera-trasladado-a-la-unidad-penal","status":"publish","type":"post","link":"https:\/\/eldiariodesanpedro.com.ar\/sitio\/detencion-de-un-peligroso-delincuente-que-sera-trasladado-a-la-unidad-penal\/","title":{"rendered":"Detenci\u00f3n de un peligroso delincuente que ser\u00e1 trasladado a la Unidad Penal"},"content":{"rendered":"<!-- VideographyWP Plugin Message: Automatic video embedding prevented by plugin options. -->\n\n<p>El mediod\u00eda de ayer, el personal policial del Gabinete Criminol\u00f3gico de la Comisar\u00eda diligencio orden de detenci\u00f3n expedida por el Juzgado de Ejecuci\u00f3n Penal de San Nicol\u00e1s donde detuvo a un hombre por abuso de armas.<\/p>\n\n\n\n<p>La medida tuvo lugar en un domicilio particular ubicado en Benefactora Sampedrina al 2500&nbsp; donde efectiviz\u00f3 la detecci\u00f3n de maculino de 37 a\u00f1os de edad, con m\u00faltiples antecedentes penales. La causa inicial por la que fue imputado es tenencia ilegal de \u201carma de guerra en San Pedro\u201d en el a\u00f1o 2016 habiendo estado detenido oportunamente, ahora deber\u00e1 purgar el resto de condena impuesta por la justicia ordinaria, por lo cual ser\u00e1 trasladado a unidad carcelaria.<\/p>\n","protected":false},"excerpt":{"rendered":"<p>El mediod\u00eda de ayer, el personal policial del Gabinete Criminol\u00f3gico de la Comisar\u00eda diligencio orden de detenci\u00f3n expedida por el Juzgado de Ejecuci\u00f3n Penal de San Nicol\u00e1s donde detuvo a un hombre por abuso de armas. La medida tuvo lugar en un domicilio particular ubicado en Benefactora Sampedrina al 2500&nbsp; donde efectiviz\u00f3 la detecci\u00f3n de [&hellip;]<\/p>\n","protected":false},"author":4,"featured_media":93506,"comment_status":"open","ping_status":"closed","sticky":false,"template":"","format":"standard","meta":{"om_disable_all_campaigns":false,"_jetpack_memberships_contains_paid_content":false,"footnotes":""},"categories":[50,2,103],"tags":[],"class_list":["post-93505","post","type-post","status-publish","format-standard","has-post-thumbnail","hentry","category-destacadas","category-locales","category-policiales-locales"],"aioseo_notices":[],"gutentor_comment":0,"jetpack_featured_media_url":"https:\/\/eldiariodesanpedro.com.ar\/sitio\/wp-content\/uploads\/2021\/06\/unnamed.jpg","jetpack_shortlink":"https:\/\/wp.me\/p6RhLt-ok9","jetpack_sharing_enabled":true,"_links":{"self":[{"href":"https:\/\/eldiariodesanpedro.com.ar\/sitio\/wp-json\/wp\/v2\/posts\/93505","targetHints":{"allow":["GET"]}}],"collection":[{"href":"https:\/\/eldiariodesanpedro.com.ar\/sitio\/wp-json\/wp\/v2\/posts"}],"about":[{"href":"https:\/\/eldiariodesanpedro.com.ar\/sitio\/wp-json\/wp\/v2\/types\/post"}],"author":[{"embeddable":true,"href":"https:\/\/eldiariodesanpedro.com.ar\/sitio\/wp-json\/wp\/v2\/users\/4"}],"replies":[{"embeddable":true,"href":"https:\/\/eldiariodesanpedro.com.ar\/sitio\/wp-json\/wp\/v2\/comments?post=93505"}],"version-history":[{"count":1,"href":"https:\/\/eldiariodesanpedro.com.ar\/sitio\/wp-json\/wp\/v2\/posts\/93505\/revisions"}],"predecessor-version":[{"id":93507,"href":"https:\/\/eldiariodesanpedro.com.ar\/sitio\/wp-json\/wp\/v2\/posts\/93505\/revisions\/93507"}],"wp:featuredmedia":[{"embeddable":true,"href":"https:\/\/eldiariodesanpedro.com.ar\/sitio\/wp-json\/wp\/v2\/media\/93506"}],"wp:attachment":[{"href":"https:\/\/eldiariodesanpedro.com.ar\/sitio\/wp-json\/wp\/v2\/media?parent=93505"}],"wp:term":[{"taxonomy":"category","embeddable":true,"href":"https:\/\/eldiariodesanpedro.com.ar\/sitio\/wp-json\/wp\/v2\/categories?post=93505"},{"taxonomy":"post_tag","embeddable":true,"href":"https:\/\/eldiariodesanpedro.com.ar\/sitio\/wp-json\/wp\/v2\/tags?post=93505"}],"curies":[{"name":"wp","href":"https:\/\/api.w.org\/{rel}","templated":true}]}}