{"id":93491,"date":"2021-06-01T11:06:29","date_gmt":"2021-06-01T14:06:29","guid":{"rendered":"https:\/\/eldiariodesanpedro.com.ar\/sitio\/?p=93491"},"modified":"2021-06-01T11:51:26","modified_gmt":"2021-06-01T14:51:26","slug":"se-realizo-una-marcha-en-pedido-de-justicia-por-german-lopez-garcia-frente-a-fiscalia-y-municipalidad","status":"publish","type":"post","link":"https:\/\/eldiariodesanpedro.com.ar\/sitio\/se-realizo-una-marcha-en-pedido-de-justicia-por-german-lopez-garcia-frente-a-fiscalia-y-municipalidad\/","title":{"rendered":"Se realizo una marcha en pedido de justicia por Germ\u00e1n L\u00f3pez Garc\u00eda frente a fiscal\u00eda y municipalidad"},"content":{"rendered":"<!-- VideographyWP Plugin Message: Automatic video embedding prevented by plugin options. -->\n\n<p>En la ma\u00f1ana de este martes alrededor de la 10 hs los familiares y amigos de German L\u00f3pez Garc\u00eda quien falleci\u00f3 hace 5 d\u00edas en el nosocomio local tras un confuso episodio ocurrido el pasado domingo 05 de Mayo.<\/p>\n\n\n\n<p>Los familiares denunciaron a la polic\u00eda de nuestra ciudad por haber golpeado a esta persona tras un confuso episodio  ocurrido en una vivienda ubicada en calle\u00a0Fray del Pozo y Casella donde en un primer lugar se hace presente una ambulancia para socorrer a la esposa del fallecido quien se encontraba descompensada por un problema con consumo de alcohol.<\/p>\n\n\n\n<p>Seg\u00fan la polic\u00eda de Garc\u00eda el hombre discuti\u00f3 con efectivos policiales cuando se encontraban trabajando los Bomberos Voluntarios para poder bajar a esta mujer de un primer piso, provoc\u00e1ndose un enfrentamiento donde esta persona le provoco un corte a un polic\u00eda con una tijera por lo que al momento de reducirlo la polic\u00eda provoco golpes que causaron la muerte 25 d\u00edas despu\u00e9s.<\/p>\n\n\n\n<p>La familia testifico ante el Fiscal Granda de la ciudad de Baradero que no sucedi\u00f3 lo que la polic\u00eda declara y que el hombre fue golpeado sin ning\u00fan motivos provoc\u00e1ndoles da\u00f1os internos que terminaron con la vida 25 d\u00edas despu\u00e9s.<\/p>\n\n\n\n<p>Por lo que hoy se realizo una marcha que dio comienzo desde la fiscal\u00eda de nuestra ciudad que estaba custodiada por la polic\u00eda y sigui\u00f3 hasta la municipalidad donde presentaron un petitorio al intendente Cecilio Salazar y desde all\u00ed marcharon por las calles de la ciudad hasta la Comisaria local.<\/p>\n\n\n\n<iframe data-src=\"https:\/\/www.facebook.com\/plugins\/video.php?height=316&#038;href=https%3A%2F%2Fwww.facebook.com%2Feldiario.desanpedro%2Fvideos%2F325963862252577%2F&#038;show_text=false&#038;width=560&#038;t=0\" width=\"560\" height=\"316\" style=\"border:none;overflow:hidden\" scrolling=\"no\" frameborder=\"0\" allowfullscreen=\"true\" allow=\"autoplay; clipboard-write; encrypted-media; picture-in-picture; web-share\" allowFullScreen=\"true\" src=\"data:image\/svg+xml;base64,PHN2ZyB3aWR0aD0iMSIgaGVpZ2h0PSIxIiB4bWxucz0iaHR0cDovL3d3dy53My5vcmcvMjAwMC9zdmciPjwvc3ZnPg==\" class=\"lazyload\" data-load-mode=\"1\"><\/iframe>\n\n\n\n<figure class=\"wp-block-image size-large\"><img decoding=\"async\" width=\"1000\" height=\"750\" data-attachment-id=\"93493\" data-permalink=\"https:\/\/eldiariodesanpedro.com.ar\/sitio\/se-realizo-una-marcha-en-pedido-de-justicia-por-german-lopez-garcia-frente-a-fiscalia-y-municipalidad\/192141367_2568676600103051_4043316894592178745_n\/\" data-orig-file=\"https:\/\/eldiariodesanpedro.com.ar\/sitio\/wp-content\/uploads\/2021\/06\/192141367_2568676600103051_4043316894592178745_n.jpg\" data-orig-size=\"1000,750\" data-comments-opened=\"1\" data-image-meta=\"{&quot;aperture&quot;:&quot;0&quot;,&quot;credit&quot;:&quot;&quot;,&quot;camera&quot;:&quot;&quot;,&quot;caption&quot;:&quot;&quot;,&quot;created_timestamp&quot;:&quot;0&quot;,&quot;copyright&quot;:&quot;&quot;,&quot;focal_length&quot;:&quot;0&quot;,&quot;iso&quot;:&quot;0&quot;,&quot;shutter_speed&quot;:&quot;0&quot;,&quot;title&quot;:&quot;&quot;,&quot;orientation&quot;:&quot;0&quot;}\" data-image-title=\"192141367_2568676600103051_4043316894592178745_n\" data-image-description=\"\" data-image-caption=\"\" data-large-file=\"https:\/\/eldiariodesanpedro.com.ar\/sitio\/wp-content\/uploads\/2021\/06\/192141367_2568676600103051_4043316894592178745_n.jpg\" data-src=\"https:\/\/eldiariodesanpedro.com.ar\/sitio\/wp-content\/uploads\/2021\/06\/192141367_2568676600103051_4043316894592178745_n.jpg\" alt=\"\" class=\"wp-image-93493 lazyload\" data-srcset=\"https:\/\/eldiariodesanpedro.com.ar\/sitio\/wp-content\/uploads\/2021\/06\/192141367_2568676600103051_4043316894592178745_n.jpg 1000w, https:\/\/eldiariodesanpedro.com.ar\/sitio\/wp-content\/uploads\/2021\/06\/192141367_2568676600103051_4043316894592178745_n-300x225.jpg 300w, https:\/\/eldiariodesanpedro.com.ar\/sitio\/wp-content\/uploads\/2021\/06\/192141367_2568676600103051_4043316894592178745_n-768x576.jpg 768w, https:\/\/eldiariodesanpedro.com.ar\/sitio\/wp-content\/uploads\/2021\/06\/192141367_2568676600103051_4043316894592178745_n-500x375.jpg 500w\" data-sizes=\"(max-width: 1000px) 100vw, 1000px\" src=\"data:image\/svg+xml;base64,PHN2ZyB3aWR0aD0iMSIgaGVpZ2h0PSIxIiB4bWxucz0iaHR0cDovL3d3dy53My5vcmcvMjAwMC9zdmciPjwvc3ZnPg==\" style=\"--smush-placeholder-width: 1000px; --smush-placeholder-aspect-ratio: 1000\/750;\" \/><\/figure>\n\n\n\n<p><\/p>\n","protected":false},"excerpt":{"rendered":"<p>En la ma\u00f1ana de este martes alrededor de la 10 hs los familiares y amigos de German L\u00f3pez Garc\u00eda quien falleci\u00f3 hace 5 d\u00edas en el nosocomio local tras un confuso episodio ocurrido el pasado domingo 05 de Mayo. Los familiares denunciaron a la polic\u00eda de nuestra ciudad por haber golpeado a esta persona tras [&hellip;]<\/p>\n","protected":false},"author":4,"featured_media":93492,"comment_status":"open","ping_status":"closed","sticky":false,"template":"","format":"standard","meta":{"om_disable_all_campaigns":false,"_jetpack_memberships_contains_paid_content":false,"footnotes":""},"categories":[50,2,103],"tags":[],"class_list":["post-93491","post","type-post","status-publish","format-standard","has-post-thumbnail","hentry","category-destacadas","category-locales","category-policiales-locales"],"aioseo_notices":[],"gutentor_comment":0,"jetpack_featured_media_url":"https:\/\/eldiariodesanpedro.com.ar\/sitio\/wp-content\/uploads\/2021\/06\/195136554_2568674430103268_6386783636157255487_n.jpg","jetpack_shortlink":"https:\/\/wp.me\/p6RhLt-ojV","jetpack_sharing_enabled":true,"_links":{"self":[{"href":"https:\/\/eldiariodesanpedro.com.ar\/sitio\/wp-json\/wp\/v2\/posts\/93491","targetHints":{"allow":["GET"]}}],"collection":[{"href":"https:\/\/eldiariodesanpedro.com.ar\/sitio\/wp-json\/wp\/v2\/posts"}],"about":[{"href":"https:\/\/eldiariodesanpedro.com.ar\/sitio\/wp-json\/wp\/v2\/types\/post"}],"author":[{"embeddable":true,"href":"https:\/\/eldiariodesanpedro.com.ar\/sitio\/wp-json\/wp\/v2\/users\/4"}],"replies":[{"embeddable":true,"href":"https:\/\/eldiariodesanpedro.com.ar\/sitio\/wp-json\/wp\/v2\/comments?post=93491"}],"version-history":[{"count":5,"href":"https:\/\/eldiariodesanpedro.com.ar\/sitio\/wp-json\/wp\/v2\/posts\/93491\/revisions"}],"predecessor-version":[{"id":93502,"href":"https:\/\/eldiariodesanpedro.com.ar\/sitio\/wp-json\/wp\/v2\/posts\/93491\/revisions\/93502"}],"wp:featuredmedia":[{"embeddable":true,"href":"https:\/\/eldiariodesanpedro.com.ar\/sitio\/wp-json\/wp\/v2\/media\/93492"}],"wp:attachment":[{"href":"https:\/\/eldiariodesanpedro.com.ar\/sitio\/wp-json\/wp\/v2\/media?parent=93491"}],"wp:term":[{"taxonomy":"category","embeddable":true,"href":"https:\/\/eldiariodesanpedro.com.ar\/sitio\/wp-json\/wp\/v2\/categories?post=93491"},{"taxonomy":"post_tag","embeddable":true,"href":"https:\/\/eldiariodesanpedro.com.ar\/sitio\/wp-json\/wp\/v2\/tags?post=93491"}],"curies":[{"name":"wp","href":"https:\/\/api.w.org\/{rel}","templated":true}]}}