{"id":93489,"date":"2021-06-01T10:40:51","date_gmt":"2021-06-01T13:40:51","guid":{"rendered":"https:\/\/eldiariodesanpedro.com.ar\/sitio\/?p=93489"},"modified":"2021-06-01T10:40:57","modified_gmt":"2021-06-01T13:40:57","slug":"anses-dio-a-conocer-el-calendario-de-pagos-correspondiente-al-mes-de-junio","status":"publish","type":"post","link":"https:\/\/eldiariodesanpedro.com.ar\/sitio\/anses-dio-a-conocer-el-calendario-de-pagos-correspondiente-al-mes-de-junio\/","title":{"rendered":"ANSES dio a conocer el calendario de pagos correspondiente al mes de junio"},"content":{"rendered":"<!-- VideographyWP Plugin Message: Automatic video embedding prevented by plugin options. -->\n\n<p>El calendario de pagos para el presente per\u00edodo, de Jubilaciones y Pensiones, AUH y Asignaci\u00f3n Familiar, Desempleo, Embarazo, y m\u00e1s.<\/p>\n\n\n\n<p>La ANSeS (Administraci\u00f3n Nacional de la Seguridad Social), organismo a cargo de Fernanda Raverta, inform\u00f3 el calendario de pagos del mes de junio para jubilados, jubiladas, pensionados y pensionadas, Pensiones No Contributivas y titulares de la Asignaci\u00f3n Universal por Hijo y por Embarazo, Prestaci\u00f3n por Desempleo, Asignaciones Familiares y Pago \u00danico (Matrimonio, Nacimiento y Adopci\u00f3n).<\/p>\n\n\n\n<p>A trav\u00e9s de este cronograma, los beneficiarios pueden conocer el d\u00eda exacto en que deben cobrar su prestaci\u00f3n social, seg\u00fan la terminaci\u00f3n de su documento.<\/p>\n\n\n\n<p>Jubilados y pensionados que no superen la suma mensual de $ 23.120<\/p>\n\n\n\n<p>&#8211; Documentos terminados en 0: 8 de junio<br>&#8211; Documentos terminados en 1: 9 de junio<br>&#8211; Documentos terminados en 2: 10 de junio<br>&#8211; Documentos terminados en 3: 11 de junio<br>&#8211; Documentos terminados en 4: 14 de junio<br>&#8211; Documentos terminados en 5: 15 de junio<br>&#8211; Documentos terminados en 6: 16 de junio<br>&#8211; Documentos terminados en 7: 17 de junio<br>&#8211; Documentos terminados en 8: 18 de junio<br>&#8211; Documentos terminados en 9: 22 de junio<\/p>\n\n\n\n<p>Jubilados y pensionados que superen la suma mensual de $ 23.120<\/p>\n\n\n\n<p>&#8211; Documentos terminados en 0 y 1: 23 de junio<br>&#8211; Documentos terminados en 2 y 3: 24 de junio<br>&#8211; Documentos terminados en 4 y 5: 25 de junio<br>&#8211; Documentos terminados en 6 y 7: 28 de junio<br>&#8211; Documentos terminados en 8 y 9: 29 de junio<\/p>\n\n\n\n<p>Asignaci\u00f3n Universal por Hijo<\/p>\n\n\n\n<p>&#8211; DNI terminados en 0: 8 de junio<br>&#8211; DNI terminados en 1: 9 de junio<br>&#8211; DNI terminados en 2: 10 de junio<br>&#8211; DNI terminados en 3: 11 de junio<br>&#8211; DNI terminados en 4: 14 de junio<br>&#8211; DNI terminados en 5: 15 de junio<br>&#8211; DNI terminados en 6: 16 de junio<br>&#8211; DNI terminados en 7: 17 de junio<br>&#8211; DNI terminados en 8: 18 de junio<br>&#8211; DNI terminados en 9: 22 de junio<\/p>\n\n\n\n<p>Asignaci\u00f3n Universal por Embarazo<\/p>\n\n\n\n<p>&#8211; Documentos terminados en 0: 10 de junio<br>&#8211; Documentos terminados en 1: 11 de junio<br>&#8211; Documentos terminados en 2: 14 de junio<br>&#8211; Documentos terminados en 3: 15 de junio<br>&#8211; Documentos terminados en 4: 16 de junio<br>&#8211; Documentos terminados en 5: 17 de junio<br>&#8211; Documentos terminados en 6: 18 de junio<br>&#8211; Documentos terminados en 7: 22 de junio<br>&#8211; Documentos terminados en 8: 23 de junio<br>&#8211; Documentos terminados en 9: 24 de mayo<\/p>\n\n\n\n<p>Asignaci\u00f3n por Prenatal y Asignaci\u00f3n por Maternidad<\/p>\n\n\n\n<p>&#8211; Documentos terminados en 0 y 1: 11 de junio<br>&#8211; Documentos terminados en 2 y 3: 14 de junio<br>&#8211; Documentos terminados en 4 y 5: 15 de junio<br>&#8211; Documentos terminados en 6 y 7: 16 de junio<br>&#8211; Documentos terminados en 8 y 9: 17 de junio<\/p>\n\n\n\n<p>Pensiones No Contributivas (PNC)<\/p>\n\n\n\n<p>&#8211; Documentos terminados en 0 y 1: 1 de junio<br>&#8211; Documentos terminados en 2 y 3: 2 de junio<br>&#8211; Documentos terminados en 4 y 5: 3 de junio<br>&#8211; Documentos terminados en 6 y 7: 4 de junio<br>&#8211; Documentos terminados en 8 y 9: 7 de junio<\/p>\n\n\n\n<p>Asignaciones Familiares de PNC<\/p>\n\n\n\n<p>&#8211; Todas las terminaciones de DNI: entre el 8 de junio al 12 de julio<\/p>\n\n\n\n<p>Seguro de Desempleo<\/p>\n\n\n\n<p>&#8211; Documentos terminados en 0 y 1: 23 de junio<br>&#8211; Documentos terminados en 2 y 3: 24 de junio<br>&#8211; Documentos terminados en 4 y 5: 25 de junio<br>&#8211; Documentos terminados en 6 y 7: 28 de junio<br>&#8211; Documentos terminados en 8 y 9: 29 de junio<\/p>\n\n\n\n<p>Asignaciones de Pago \u00danico (Matrimonio, Nacimiento y Adopci\u00f3n)<\/p>\n\n\n\n<p>Esta prestaci\u00f3n abarca a todas las terminaciones de DNI<br>&#8211; Primera quincena: del 8 de junio al 12 de julio<br>&#8211; Segunda quincena: del 22 de junio al 12 de julio<\/p>\n","protected":false},"excerpt":{"rendered":"<p>El calendario de pagos para el presente per\u00edodo, de Jubilaciones y Pensiones, AUH y Asignaci\u00f3n Familiar, Desempleo, Embarazo, y m\u00e1s. La ANSeS (Administraci\u00f3n Nacional de la Seguridad Social), organismo a cargo de Fernanda Raverta, inform\u00f3 el calendario de pagos del mes de junio para jubilados, jubiladas, pensionados y pensionadas, Pensiones No Contributivas y titulares de [&hellip;]<\/p>\n","protected":false},"author":4,"featured_media":83770,"comment_status":"open","ping_status":"closed","sticky":false,"template":"","format":"standard","meta":{"om_disable_all_campaigns":false,"_jetpack_memberships_contains_paid_content":false,"footnotes":""},"categories":[101,2],"tags":[],"class_list":["post-93489","post","type-post","status-publish","format-standard","has-post-thumbnail","hentry","category-interes-general-locales","category-locales"],"aioseo_notices":[],"gutentor_comment":0,"jetpack_featured_media_url":"https:\/\/eldiariodesanpedro.com.ar\/sitio\/wp-content\/uploads\/2020\/11\/Anses_1550017638.jpg","jetpack_shortlink":"https:\/\/wp.me\/p6RhLt-ojT","jetpack_sharing_enabled":true,"_links":{"self":[{"href":"https:\/\/eldiariodesanpedro.com.ar\/sitio\/wp-json\/wp\/v2\/posts\/93489","targetHints":{"allow":["GET"]}}],"collection":[{"href":"https:\/\/eldiariodesanpedro.com.ar\/sitio\/wp-json\/wp\/v2\/posts"}],"about":[{"href":"https:\/\/eldiariodesanpedro.com.ar\/sitio\/wp-json\/wp\/v2\/types\/post"}],"author":[{"embeddable":true,"href":"https:\/\/eldiariodesanpedro.com.ar\/sitio\/wp-json\/wp\/v2\/users\/4"}],"replies":[{"embeddable":true,"href":"https:\/\/eldiariodesanpedro.com.ar\/sitio\/wp-json\/wp\/v2\/comments?post=93489"}],"version-history":[{"count":1,"href":"https:\/\/eldiariodesanpedro.com.ar\/sitio\/wp-json\/wp\/v2\/posts\/93489\/revisions"}],"predecessor-version":[{"id":93490,"href":"https:\/\/eldiariodesanpedro.com.ar\/sitio\/wp-json\/wp\/v2\/posts\/93489\/revisions\/93490"}],"wp:featuredmedia":[{"embeddable":true,"href":"https:\/\/eldiariodesanpedro.com.ar\/sitio\/wp-json\/wp\/v2\/media\/83770"}],"wp:attachment":[{"href":"https:\/\/eldiariodesanpedro.com.ar\/sitio\/wp-json\/wp\/v2\/media?parent=93489"}],"wp:term":[{"taxonomy":"category","embeddable":true,"href":"https:\/\/eldiariodesanpedro.com.ar\/sitio\/wp-json\/wp\/v2\/categories?post=93489"},{"taxonomy":"post_tag","embeddable":true,"href":"https:\/\/eldiariodesanpedro.com.ar\/sitio\/wp-json\/wp\/v2\/tags?post=93489"}],"curies":[{"name":"wp","href":"https:\/\/api.w.org\/{rel}","templated":true}]}}