{"id":93478,"date":"2021-06-01T09:54:47","date_gmt":"2021-06-01T12:54:47","guid":{"rendered":"https:\/\/eldiariodesanpedro.com.ar\/sitio\/?p=93478"},"modified":"2021-06-01T09:54:51","modified_gmt":"2021-06-01T12:54:51","slug":"aumenta-la-tarifa-de-gas-a-partir-de-junio","status":"publish","type":"post","link":"https:\/\/eldiariodesanpedro.com.ar\/sitio\/aumenta-la-tarifa-de-gas-a-partir-de-junio\/","title":{"rendered":"Aumenta la tarifa de gas a partir de junio"},"content":{"rendered":"<!-- VideographyWP Plugin Message: Automatic video embedding prevented by plugin options. -->\n\n<p>El Gobierno autoriz\u00f3 este lunes una suba en las tarifas de gas del 6% que comenzar\u00e1 a regir desde junio, y se espera que en las pr\u00f3ximas horas, el Ente Nacional Regulador del Gas (Enargas) publique los nuevos cuadros tarifarios.<\/p>\n\n\n\n<p>El nuevo aumento, el primero desde junio del 2019, era el pactado, fue firmado por las compa\u00f1\u00edas, y fue publicado en un anexo del bolet\u00edn oficial.<\/p>\n\n\n\n<p>El ajuste del 6% dispuesto por el Gobierno por medio de Enargas reflejar\u00e1, en el caso de MetroGas, un recargo en la factura de solo 145 pesos mensuales para un cliente promedio.<\/p>\n","protected":false},"excerpt":{"rendered":"<p>El Gobierno autoriz\u00f3 este lunes una suba en las tarifas de gas del 6% que comenzar\u00e1 a regir desde junio, y se espera que en las pr\u00f3ximas horas, el Ente Nacional Regulador del Gas (Enargas) publique los nuevos cuadros tarifarios. El nuevo aumento, el primero desde junio del 2019, era el pactado, fue firmado por [&hellip;]<\/p>\n","protected":false},"author":4,"featured_media":93479,"comment_status":"open","ping_status":"closed","sticky":false,"template":"","format":"standard","meta":{"om_disable_all_campaigns":false,"_jetpack_memberships_contains_paid_content":false,"footnotes":""},"categories":[621],"tags":[],"class_list":["post-93478","post","type-post","status-publish","format-standard","has-post-thumbnail","hentry","category-regionales"],"aioseo_notices":[],"gutentor_comment":0,"jetpack_featured_media_url":"https:\/\/eldiariodesanpedro.com.ar\/sitio\/wp-content\/uploads\/2021\/06\/0028938864_658x400.jpg","jetpack_shortlink":"https:\/\/wp.me\/p6RhLt-ojI","jetpack_sharing_enabled":true,"_links":{"self":[{"href":"https:\/\/eldiariodesanpedro.com.ar\/sitio\/wp-json\/wp\/v2\/posts\/93478","targetHints":{"allow":["GET"]}}],"collection":[{"href":"https:\/\/eldiariodesanpedro.com.ar\/sitio\/wp-json\/wp\/v2\/posts"}],"about":[{"href":"https:\/\/eldiariodesanpedro.com.ar\/sitio\/wp-json\/wp\/v2\/types\/post"}],"author":[{"embeddable":true,"href":"https:\/\/eldiariodesanpedro.com.ar\/sitio\/wp-json\/wp\/v2\/users\/4"}],"replies":[{"embeddable":true,"href":"https:\/\/eldiariodesanpedro.com.ar\/sitio\/wp-json\/wp\/v2\/comments?post=93478"}],"version-history":[{"count":1,"href":"https:\/\/eldiariodesanpedro.com.ar\/sitio\/wp-json\/wp\/v2\/posts\/93478\/revisions"}],"predecessor-version":[{"id":93480,"href":"https:\/\/eldiariodesanpedro.com.ar\/sitio\/wp-json\/wp\/v2\/posts\/93478\/revisions\/93480"}],"wp:featuredmedia":[{"embeddable":true,"href":"https:\/\/eldiariodesanpedro.com.ar\/sitio\/wp-json\/wp\/v2\/media\/93479"}],"wp:attachment":[{"href":"https:\/\/eldiariodesanpedro.com.ar\/sitio\/wp-json\/wp\/v2\/media?parent=93478"}],"wp:term":[{"taxonomy":"category","embeddable":true,"href":"https:\/\/eldiariodesanpedro.com.ar\/sitio\/wp-json\/wp\/v2\/categories?post=93478"},{"taxonomy":"post_tag","embeddable":true,"href":"https:\/\/eldiariodesanpedro.com.ar\/sitio\/wp-json\/wp\/v2\/tags?post=93478"}],"curies":[{"name":"wp","href":"https:\/\/api.w.org\/{rel}","templated":true}]}}