{"id":93472,"date":"2021-06-01T09:45:38","date_gmt":"2021-06-01T12:45:38","guid":{"rendered":"https:\/\/eldiariodesanpedro.com.ar\/sitio\/?p=93472"},"modified":"2021-06-01T09:45:43","modified_gmt":"2021-06-01T12:45:43","slug":"el-proximo-jueves-la-sociedad-italiana-celebrara-dia-del-inmigrante-italiano","status":"publish","type":"post","link":"https:\/\/eldiariodesanpedro.com.ar\/sitio\/el-proximo-jueves-la-sociedad-italiana-celebrara-dia-del-inmigrante-italiano\/","title":{"rendered":"El pr\u00f3ximo jueves  la Sociedad Italiana celebrara D\u00eda del Inmigrante Italiano"},"content":{"rendered":"<!-- VideographyWP Plugin Message: Automatic video embedding prevented by plugin options. -->\n\n<p>La Sociedad Italiana participa a la comunidad de San Pedro, al izado de las banderas argentina e italiana en el m\u00e1stil de la Plaza Belgrano, el jueves 3 de junio a las 11 hs., donde adem\u00e1s se entonar\u00e1n los himnos de Argentina e Italia.<\/p>\n\n\n\n<p>La ceremonia se llevar\u00e1 a cabo con motivo de la celebraci\u00f3n del D\u00eda del Inmigrante Italiano, en homenaje al natalicio del General Manuel Belgrano, cuyos padres fueron inmigrantes italianos.<\/p>\n\n\n\n<p>Este a\u00f1o, al igual que el anterior, y debido a la emergencia sanitaria por el Covid-19, tampoco podremos festejarlo en nuestra sede social, como en otras oportunidades, pero de esta manera simb\u00f3lica, recordaremos y honraremos a todos los inmigrantes que llegaron desde Italia.<\/p>\n\n\n\n<p>Adhieren:<br>Direcci\u00f3n de Cultura de la Municipalidad de San Pedro, Museo Hist\u00f3rico \u201cFray Jos\u00e9 Mar\u00eda Bottaro\u201d, Asociaci\u00f3n de Amigos \u201cCentro de Estudios Hist\u00f3ricos\u201d<\/p>\n","protected":false},"excerpt":{"rendered":"<p>La Sociedad Italiana participa a la comunidad de San Pedro, al izado de las banderas argentina e italiana en el m\u00e1stil de la Plaza Belgrano, el jueves 3 de junio a las 11 hs., donde adem\u00e1s se entonar\u00e1n los himnos de Argentina e Italia. La ceremonia se llevar\u00e1 a cabo con motivo de la celebraci\u00f3n [&hellip;]<\/p>\n","protected":false},"author":4,"featured_media":93473,"comment_status":"open","ping_status":"closed","sticky":false,"template":"","format":"standard","meta":{"om_disable_all_campaigns":false,"_jetpack_memberships_contains_paid_content":false,"footnotes":""},"categories":[101,2],"tags":[],"class_list":["post-93472","post","type-post","status-publish","format-standard","has-post-thumbnail","hentry","category-interes-general-locales","category-locales"],"aioseo_notices":[],"gutentor_comment":0,"jetpack_featured_media_url":"https:\/\/eldiariodesanpedro.com.ar\/sitio\/wp-content\/uploads\/2021\/06\/Sociedad_Italiana_de_Union_y_Benevolencia_en_San_Pedro-scaled-e1622551512490.jpg","jetpack_shortlink":"https:\/\/wp.me\/p6RhLt-ojC","jetpack_sharing_enabled":true,"_links":{"self":[{"href":"https:\/\/eldiariodesanpedro.com.ar\/sitio\/wp-json\/wp\/v2\/posts\/93472","targetHints":{"allow":["GET"]}}],"collection":[{"href":"https:\/\/eldiariodesanpedro.com.ar\/sitio\/wp-json\/wp\/v2\/posts"}],"about":[{"href":"https:\/\/eldiariodesanpedro.com.ar\/sitio\/wp-json\/wp\/v2\/types\/post"}],"author":[{"embeddable":true,"href":"https:\/\/eldiariodesanpedro.com.ar\/sitio\/wp-json\/wp\/v2\/users\/4"}],"replies":[{"embeddable":true,"href":"https:\/\/eldiariodesanpedro.com.ar\/sitio\/wp-json\/wp\/v2\/comments?post=93472"}],"version-history":[{"count":1,"href":"https:\/\/eldiariodesanpedro.com.ar\/sitio\/wp-json\/wp\/v2\/posts\/93472\/revisions"}],"predecessor-version":[{"id":93474,"href":"https:\/\/eldiariodesanpedro.com.ar\/sitio\/wp-json\/wp\/v2\/posts\/93472\/revisions\/93474"}],"wp:featuredmedia":[{"embeddable":true,"href":"https:\/\/eldiariodesanpedro.com.ar\/sitio\/wp-json\/wp\/v2\/media\/93473"}],"wp:attachment":[{"href":"https:\/\/eldiariodesanpedro.com.ar\/sitio\/wp-json\/wp\/v2\/media?parent=93472"}],"wp:term":[{"taxonomy":"category","embeddable":true,"href":"https:\/\/eldiariodesanpedro.com.ar\/sitio\/wp-json\/wp\/v2\/categories?post=93472"},{"taxonomy":"post_tag","embeddable":true,"href":"https:\/\/eldiariodesanpedro.com.ar\/sitio\/wp-json\/wp\/v2\/tags?post=93472"}],"curies":[{"name":"wp","href":"https:\/\/api.w.org\/{rel}","templated":true}]}}