{"id":93470,"date":"2021-06-01T09:37:57","date_gmt":"2021-06-01T12:37:57","guid":{"rendered":"https:\/\/eldiariodesanpedro.com.ar\/sitio\/?p=93470"},"modified":"2021-06-01T09:38:02","modified_gmt":"2021-06-01T12:38:02","slug":"un-nueva-victima-de-covid-gloria-haydee-focquaert-de-89-anos-y-ya-son-154","status":"publish","type":"post","link":"https:\/\/eldiariodesanpedro.com.ar\/sitio\/un-nueva-victima-de-covid-gloria-haydee-focquaert-de-89-anos-y-ya-son-154\/","title":{"rendered":"Un nueva victima de covid,  Gloria Haydee Focquaert de 89 a\u00f1os y ya son 154"},"content":{"rendered":"<!-- VideographyWP Plugin Message: Automatic video embedding prevented by plugin options. -->\n\n<p>La Secretar\u00eda de Salud informa el fallecimiento de la Sra.<strong> Gloria Haydee Focquaert de 89 a\u00f1os<\/strong>, internada en cl\u00ednica privada con un cuadro de Covid-19 positivo.<\/p>\n\n\n\n<p>En lo que va de la pandemia son 154 personas las victimas de coronavirus en nuestra ciudad.<\/p>\n\n\n\n<p>Compartimos las condolencias con sus familiares y amigos.<\/p>\n","protected":false},"excerpt":{"rendered":"<p>La Secretar\u00eda de Salud informa el fallecimiento de la Sra. Gloria Haydee Focquaert de 89 a\u00f1os, internada en cl\u00ednica privada con un cuadro de Covid-19 positivo. En lo que va de la pandemia son 154 personas las victimas de coronavirus en nuestra ciudad. Compartimos las condolencias con sus familiares y amigos.<\/p>\n","protected":false},"author":4,"featured_media":85659,"comment_status":"open","ping_status":"closed","sticky":false,"template":"","format":"standard","meta":{"om_disable_all_campaigns":false,"_jetpack_memberships_contains_paid_content":false,"footnotes":""},"categories":[2],"tags":[],"class_list":["post-93470","post","type-post","status-publish","format-standard","has-post-thumbnail","hentry","category-locales"],"aioseo_notices":[],"gutentor_comment":0,"jetpack_featured_media_url":"https:\/\/eldiariodesanpedro.com.ar\/sitio\/wp-content\/uploads\/2021\/01\/Coronavirus-internado-708x510-2.jpg","jetpack_shortlink":"https:\/\/wp.me\/p6RhLt-ojA","jetpack_sharing_enabled":true,"_links":{"self":[{"href":"https:\/\/eldiariodesanpedro.com.ar\/sitio\/wp-json\/wp\/v2\/posts\/93470","targetHints":{"allow":["GET"]}}],"collection":[{"href":"https:\/\/eldiariodesanpedro.com.ar\/sitio\/wp-json\/wp\/v2\/posts"}],"about":[{"href":"https:\/\/eldiariodesanpedro.com.ar\/sitio\/wp-json\/wp\/v2\/types\/post"}],"author":[{"embeddable":true,"href":"https:\/\/eldiariodesanpedro.com.ar\/sitio\/wp-json\/wp\/v2\/users\/4"}],"replies":[{"embeddable":true,"href":"https:\/\/eldiariodesanpedro.com.ar\/sitio\/wp-json\/wp\/v2\/comments?post=93470"}],"version-history":[{"count":1,"href":"https:\/\/eldiariodesanpedro.com.ar\/sitio\/wp-json\/wp\/v2\/posts\/93470\/revisions"}],"predecessor-version":[{"id":93471,"href":"https:\/\/eldiariodesanpedro.com.ar\/sitio\/wp-json\/wp\/v2\/posts\/93470\/revisions\/93471"}],"wp:featuredmedia":[{"embeddable":true,"href":"https:\/\/eldiariodesanpedro.com.ar\/sitio\/wp-json\/wp\/v2\/media\/85659"}],"wp:attachment":[{"href":"https:\/\/eldiariodesanpedro.com.ar\/sitio\/wp-json\/wp\/v2\/media?parent=93470"}],"wp:term":[{"taxonomy":"category","embeddable":true,"href":"https:\/\/eldiariodesanpedro.com.ar\/sitio\/wp-json\/wp\/v2\/categories?post=93470"},{"taxonomy":"post_tag","embeddable":true,"href":"https:\/\/eldiariodesanpedro.com.ar\/sitio\/wp-json\/wp\/v2\/tags?post=93470"}],"curies":[{"name":"wp","href":"https:\/\/api.w.org\/{rel}","templated":true}]}}