{"id":93466,"date":"2021-06-01T09:23:42","date_gmt":"2021-06-01T12:23:42","guid":{"rendered":"https:\/\/eldiariodesanpedro.com.ar\/sitio\/?p=93466"},"modified":"2021-06-01T09:23:47","modified_gmt":"2021-06-01T12:23:47","slug":"cronograma-de-anses-para-hoy-martes-6","status":"publish","type":"post","link":"https:\/\/eldiariodesanpedro.com.ar\/sitio\/cronograma-de-anses-para-hoy-martes-6\/","title":{"rendered":"Cronograma de Anses para hoy martes"},"content":{"rendered":"<!-- VideographyWP Plugin Message: Automatic video embedding prevented by plugin options. -->\n\n<p><strong>El organismo, a cargo de la Lic. Fernanda Raverta, informa que hoy se abonan Pensiones No Contributivas y los programas Alimentar y Repro II. Cabe destacar que este mes se efectiviza el pago del medio aguinaldo junto al aumento del 12,12 por ciento por la Ley de Movilidad para&nbsp;<\/strong>Pensiones No Contributivas (PNC)<strong>, jubilaciones y pensiones.<\/strong><\/p>\n\n\n\n<p><strong>Pensiones No Contributivas<\/strong><br>Las sucursales bancarias habilitadas atender\u00e1n por ventanilla solo a titulares de PNC que deban cobrar su haber de junio con el medio aguinaldo con documentos terminados en\u00a0<strong>0\u00a0<\/strong>y\u00a0<strong>1<\/strong>.<br>En este sentido, si bien estas personas no tienen que solicitar turno previo para cobrar este beneficio,\u00a0deben acercarse a la sucursal bancaria \u00fanicamente en la fecha asignada. Cabe recordar que los haberes permanecer\u00e1n depositados en sus cuentas.<\/p>\n\n\n\n<p><strong>Programa Alimentar<\/strong><br>En el marco del Plan Argentina contra el Hambre del Ministerio de Desarrollo Social, la ANSES acompa\u00f1a con el pago del programa Alimentar. Hoy reciben el beneficio las y los titulares de la Asignaci\u00f3n Universal por Hijo (AUH) y de la Asignaci\u00f3n por Embarazo que no tienen la tarjeta pl\u00e1stica Alimentar y cobran el dinero en la misma cuenta de la asignaci\u00f3n. Destinado a titulares con hijos e hijas de 0 a 14 a\u00f1os inclusive con documentos concluidos en\u00a0<strong>6<\/strong>\u00a0y\u00a0<strong>7<\/strong>.<\/p>\n\n\n\n<p><strong>Programa\u00a0REPRO\u00a0II<\/strong><br>Hoy se realiza el pago a las y los beneficiarios del Programa de Recuperaci\u00f3n Productiva II (REPRO\u00a0II) de la AFIP, para dar alivio econ\u00f3mico a las compa\u00f1\u00edas y al personal afectado por la ca\u00edda de la actividad debido al Covid-19.<\/p>\n","protected":false},"excerpt":{"rendered":"<p>El organismo, a cargo de la Lic. Fernanda Raverta, informa que hoy se abonan Pensiones No Contributivas y los programas Alimentar y Repro II. Cabe destacar que este mes se efectiviza el pago del medio aguinaldo junto al aumento del 12,12 por ciento por la Ley de Movilidad para&nbsp;Pensiones No Contributivas (PNC), jubilaciones y pensiones. [&hellip;]<\/p>\n","protected":false},"author":4,"featured_media":71308,"comment_status":"open","ping_status":"closed","sticky":false,"template":"","format":"standard","meta":{"om_disable_all_campaigns":false,"_jetpack_memberships_contains_paid_content":false,"footnotes":""},"categories":[101,2],"tags":[],"class_list":["post-93466","post","type-post","status-publish","format-standard","has-post-thumbnail","hentry","category-interes-general-locales","category-locales"],"aioseo_notices":[],"gutentor_comment":0,"jetpack_featured_media_url":"https:\/\/eldiariodesanpedro.com.ar\/sitio\/wp-content\/uploads\/2020\/04\/anses-4.jpg","jetpack_shortlink":"https:\/\/wp.me\/p6RhLt-ojw","jetpack_sharing_enabled":true,"_links":{"self":[{"href":"https:\/\/eldiariodesanpedro.com.ar\/sitio\/wp-json\/wp\/v2\/posts\/93466","targetHints":{"allow":["GET"]}}],"collection":[{"href":"https:\/\/eldiariodesanpedro.com.ar\/sitio\/wp-json\/wp\/v2\/posts"}],"about":[{"href":"https:\/\/eldiariodesanpedro.com.ar\/sitio\/wp-json\/wp\/v2\/types\/post"}],"author":[{"embeddable":true,"href":"https:\/\/eldiariodesanpedro.com.ar\/sitio\/wp-json\/wp\/v2\/users\/4"}],"replies":[{"embeddable":true,"href":"https:\/\/eldiariodesanpedro.com.ar\/sitio\/wp-json\/wp\/v2\/comments?post=93466"}],"version-history":[{"count":1,"href":"https:\/\/eldiariodesanpedro.com.ar\/sitio\/wp-json\/wp\/v2\/posts\/93466\/revisions"}],"predecessor-version":[{"id":93467,"href":"https:\/\/eldiariodesanpedro.com.ar\/sitio\/wp-json\/wp\/v2\/posts\/93466\/revisions\/93467"}],"wp:featuredmedia":[{"embeddable":true,"href":"https:\/\/eldiariodesanpedro.com.ar\/sitio\/wp-json\/wp\/v2\/media\/71308"}],"wp:attachment":[{"href":"https:\/\/eldiariodesanpedro.com.ar\/sitio\/wp-json\/wp\/v2\/media?parent=93466"}],"wp:term":[{"taxonomy":"category","embeddable":true,"href":"https:\/\/eldiariodesanpedro.com.ar\/sitio\/wp-json\/wp\/v2\/categories?post=93466"},{"taxonomy":"post_tag","embeddable":true,"href":"https:\/\/eldiariodesanpedro.com.ar\/sitio\/wp-json\/wp\/v2\/tags?post=93466"}],"curies":[{"name":"wp","href":"https:\/\/api.w.org\/{rel}","templated":true}]}}