{"id":93464,"date":"2021-05-31T20:14:01","date_gmt":"2021-05-31T23:14:01","guid":{"rendered":"https:\/\/eldiariodesanpedro.com.ar\/sitio\/?p=93464"},"modified":"2021-05-31T20:14:04","modified_gmt":"2021-05-31T23:14:04","slug":"coronavirus-ana-lia-laserna-de-46-anos-la-cuarta-victima-del-dia","status":"publish","type":"post","link":"https:\/\/eldiariodesanpedro.com.ar\/sitio\/coronavirus-ana-lia-laserna-de-46-anos-la-cuarta-victima-del-dia\/","title":{"rendered":"Coronavirus: Ana L\u00eda Laserna de 46 a\u00f1os la cuarta victima del d\u00eda"},"content":{"rendered":"<!-- VideographyWP Plugin Message: Automatic video embedding prevented by plugin options. -->\n\n<p>La Secretar\u00eda de Salud informa el fallecimiento de la Sra. <strong>Ana L\u00eda Laserna de 46 a\u00f1os<\/strong>, internada en el Hospital Emilio Ruffa, con un cuadro de Covid-19 positivo.<\/p>\n\n\n\n<p>Compartimos las condolencias con sus familiares y amigos.<\/p>\n","protected":false},"excerpt":{"rendered":"<p>La Secretar\u00eda de Salud informa el fallecimiento de la Sra. Ana L\u00eda Laserna de 46 a\u00f1os, internada en el Hospital Emilio Ruffa, con un cuadro de Covid-19 positivo. Compartimos las condolencias con sus familiares y amigos.<\/p>\n","protected":false},"author":4,"featured_media":76212,"comment_status":"open","ping_status":"closed","sticky":false,"template":"","format":"standard","meta":{"om_disable_all_campaigns":false,"_jetpack_memberships_contains_paid_content":false,"footnotes":""},"categories":[50,101,2],"tags":[],"class_list":["post-93464","post","type-post","status-publish","format-standard","has-post-thumbnail","hentry","category-destacadas","category-interes-general-locales","category-locales"],"aioseo_notices":[],"gutentor_comment":0,"jetpack_featured_media_url":"https:\/\/eldiariodesanpedro.com.ar\/sitio\/wp-content\/uploads\/2020\/06\/Coronavirus-UTI-696x477-1.jpg","jetpack_shortlink":"https:\/\/wp.me\/p6RhLt-oju","jetpack_sharing_enabled":true,"_links":{"self":[{"href":"https:\/\/eldiariodesanpedro.com.ar\/sitio\/wp-json\/wp\/v2\/posts\/93464","targetHints":{"allow":["GET"]}}],"collection":[{"href":"https:\/\/eldiariodesanpedro.com.ar\/sitio\/wp-json\/wp\/v2\/posts"}],"about":[{"href":"https:\/\/eldiariodesanpedro.com.ar\/sitio\/wp-json\/wp\/v2\/types\/post"}],"author":[{"embeddable":true,"href":"https:\/\/eldiariodesanpedro.com.ar\/sitio\/wp-json\/wp\/v2\/users\/4"}],"replies":[{"embeddable":true,"href":"https:\/\/eldiariodesanpedro.com.ar\/sitio\/wp-json\/wp\/v2\/comments?post=93464"}],"version-history":[{"count":1,"href":"https:\/\/eldiariodesanpedro.com.ar\/sitio\/wp-json\/wp\/v2\/posts\/93464\/revisions"}],"predecessor-version":[{"id":93465,"href":"https:\/\/eldiariodesanpedro.com.ar\/sitio\/wp-json\/wp\/v2\/posts\/93464\/revisions\/93465"}],"wp:featuredmedia":[{"embeddable":true,"href":"https:\/\/eldiariodesanpedro.com.ar\/sitio\/wp-json\/wp\/v2\/media\/76212"}],"wp:attachment":[{"href":"https:\/\/eldiariodesanpedro.com.ar\/sitio\/wp-json\/wp\/v2\/media?parent=93464"}],"wp:term":[{"taxonomy":"category","embeddable":true,"href":"https:\/\/eldiariodesanpedro.com.ar\/sitio\/wp-json\/wp\/v2\/categories?post=93464"},{"taxonomy":"post_tag","embeddable":true,"href":"https:\/\/eldiariodesanpedro.com.ar\/sitio\/wp-json\/wp\/v2\/tags?post=93464"}],"curies":[{"name":"wp","href":"https:\/\/api.w.org\/{rel}","templated":true}]}}