{"id":93460,"date":"2021-05-31T19:21:59","date_gmt":"2021-05-31T22:21:59","guid":{"rendered":"https:\/\/eldiariodesanpedro.com.ar\/sitio\/?p=93460"},"modified":"2021-05-31T19:22:05","modified_gmt":"2021-05-31T22:22:05","slug":"el-gobernador-reunio-a-intendentes-por-la-continuidad-de-obras-publicas-y-un-firme-compromiso-en-la-ampliacion-del-plan-de-vacunacion","status":"publish","type":"post","link":"https:\/\/eldiariodesanpedro.com.ar\/sitio\/el-gobernador-reunio-a-intendentes-por-la-continuidad-de-obras-publicas-y-un-firme-compromiso-en-la-ampliacion-del-plan-de-vacunacion\/","title":{"rendered":"El Gobernador reuni\u00f3 a Intendentes por la continuidad de obras p\u00fablicas y un firme compromiso en la ampliaci\u00f3n del plan de vacunaci\u00f3n"},"content":{"rendered":"<!-- VideographyWP Plugin Message: Automatic video embedding prevented by plugin options. -->\n\n<p>El Intendente Cecilio Salazar fue uno de los jefes comunales que participaron este lunes 31 de mayo de una reuni\u00f3n virtual con el gobernador bonaerense, Axel Kicillof que hab\u00eda sido convocada para abordar una agenda relacionada con la ejecuci\u00f3n de m\u00e1s de 750 obras p\u00fablicas en diferentes distritos de la Provincia, entre los cu\u00e1les se encuentra San Pedro.<\/p>\n\n\n\n<p>La Pandemia de Covid-19 que tiene impacto en todas las regiones ocupa el punto m\u00e1s relevante de la agenda diaria entre los funcionarios provinciales y municipales, y en este sentido, la charla sirvi\u00f3 para reiterar que se trabaja con intensidad para multiplicar la llegada de vacunas y la aplicaci\u00f3n de dosis en todos los vecinos y vecinas de cada distrito.<\/p>\n\n\n\n<p>Con relaci\u00f3n a la planificaci\u00f3n de mediano y corto plazo, Kicillof expres\u00f3 a los Intendentes que para reactivar el empleo y el movimiento econ\u00f3mico existen grandes expectativas en la inversi\u00f3n de 20 mil millones de pesos afectados al Fondo de Infraestructura Municipal 2021 y al PREIMBA, Programa de Emergencia de la Infraestructura Municipal.<\/p>\n\n\n\n<p>Cada distrito ha ido presentando proyectos que son analizados por el gobierno provincial y en el caso de San Pedro estar\u00e1n dentro de estos programas obras tales como la pavimentaci\u00f3n de 60 cuadras y un bacheo de hormig\u00f3n en otras zonas deterioradas por el FIM y la pavimentaci\u00f3n de 31 cuadras a trav\u00e9s del PREIMBA, entre otras.<\/p>\n\n\n\n<p>Kicillof estuvo acompa\u00f1ado por el ministro de Infraestructura y Servicios P\u00fablicos Agust\u00edn Simone y la ministra de Gobierno Teresa Garc\u00eda conectados virtualmente con intendentes y funcionarios toda la Provincia de Buenos Aires.<\/p>\n\n\n\n<p>Finalmente, el Gobernador solicit\u00f3 que, tal como ocurre en San Pedro, se potencien las campa\u00f1as para contribuir la inscripci\u00f3n en el Plan Vacunate, facilitando todas las herramientas para que esto se haga r\u00e1pidamente<\/p>\n","protected":false},"excerpt":{"rendered":"<p>El Intendente Cecilio Salazar fue uno de los jefes comunales que participaron este lunes 31 de mayo de una reuni\u00f3n virtual con el gobernador bonaerense, Axel Kicillof que hab\u00eda sido convocada para abordar una agenda relacionada con la ejecuci\u00f3n de m\u00e1s de 750 obras p\u00fablicas en diferentes distritos de la Provincia, entre los cu\u00e1les se [&hellip;]<\/p>\n","protected":false},"author":4,"featured_media":93461,"comment_status":"open","ping_status":"closed","sticky":false,"template":"","format":"standard","meta":{"om_disable_all_campaigns":false,"_jetpack_memberships_contains_paid_content":false,"footnotes":""},"categories":[50,101,2],"tags":[],"class_list":["post-93460","post","type-post","status-publish","format-standard","has-post-thumbnail","hentry","category-destacadas","category-interes-general-locales","category-locales"],"aioseo_notices":[],"gutentor_comment":0,"jetpack_featured_media_url":"https:\/\/eldiariodesanpedro.com.ar\/sitio\/wp-content\/uploads\/2021\/05\/WhatsApp-Image-2021-05-31-at-19.15.52-1.jpeg","jetpack_shortlink":"https:\/\/wp.me\/p6RhLt-ojq","jetpack_sharing_enabled":true,"_links":{"self":[{"href":"https:\/\/eldiariodesanpedro.com.ar\/sitio\/wp-json\/wp\/v2\/posts\/93460","targetHints":{"allow":["GET"]}}],"collection":[{"href":"https:\/\/eldiariodesanpedro.com.ar\/sitio\/wp-json\/wp\/v2\/posts"}],"about":[{"href":"https:\/\/eldiariodesanpedro.com.ar\/sitio\/wp-json\/wp\/v2\/types\/post"}],"author":[{"embeddable":true,"href":"https:\/\/eldiariodesanpedro.com.ar\/sitio\/wp-json\/wp\/v2\/users\/4"}],"replies":[{"embeddable":true,"href":"https:\/\/eldiariodesanpedro.com.ar\/sitio\/wp-json\/wp\/v2\/comments?post=93460"}],"version-history":[{"count":1,"href":"https:\/\/eldiariodesanpedro.com.ar\/sitio\/wp-json\/wp\/v2\/posts\/93460\/revisions"}],"predecessor-version":[{"id":93463,"href":"https:\/\/eldiariodesanpedro.com.ar\/sitio\/wp-json\/wp\/v2\/posts\/93460\/revisions\/93463"}],"wp:featuredmedia":[{"embeddable":true,"href":"https:\/\/eldiariodesanpedro.com.ar\/sitio\/wp-json\/wp\/v2\/media\/93461"}],"wp:attachment":[{"href":"https:\/\/eldiariodesanpedro.com.ar\/sitio\/wp-json\/wp\/v2\/media?parent=93460"}],"wp:term":[{"taxonomy":"category","embeddable":true,"href":"https:\/\/eldiariodesanpedro.com.ar\/sitio\/wp-json\/wp\/v2\/categories?post=93460"},{"taxonomy":"post_tag","embeddable":true,"href":"https:\/\/eldiariodesanpedro.com.ar\/sitio\/wp-json\/wp\/v2\/tags?post=93460"}],"curies":[{"name":"wp","href":"https:\/\/api.w.org\/{rel}","templated":true}]}}