{"id":93451,"date":"2021-05-31T18:25:44","date_gmt":"2021-05-31T21:25:44","guid":{"rendered":"https:\/\/eldiariodesanpedro.com.ar\/sitio\/?p=93451"},"modified":"2021-05-31T18:25:49","modified_gmt":"2021-05-31T21:25:49","slug":"programa-de-inscripcion-para-vacunacion","status":"publish","type":"post","link":"https:\/\/eldiariodesanpedro.com.ar\/sitio\/programa-de-inscripcion-para-vacunacion\/","title":{"rendered":"Programa de inscripci\u00f3n para vacunaci\u00f3n"},"content":{"rendered":"<!-- VideographyWP Plugin Message: Automatic video embedding prevented by plugin options. -->\n\n<p>La Delegaci\u00f3n San Pedro del Ministerio de Trabajo junto a la Coordinaci\u00f3n local del Plan Vacunate y la Municipalidad de San Pedro, solicitan a todas las organizaciones con representaci\u00f3n y\/o v\u00ednculos con trabajadores y profesionales de nuestra comunidad que se sumen a la campa\u00f1a de divulgaci\u00f3n para completar el formulario de inscripci\u00f3n a trav\u00e9s del cual se otorgan turnos para la vacuna contra el Covid-19.<\/p>\n\n\n\n<p>Con la llegada de nuevas dosis, la campa\u00f1a se ir\u00e1 extendiendo progresivamente a toda la poblaci\u00f3n, y los mayores de 18 a\u00f1os con o sin patolog\u00edas de riesgo, deben estar ingresados en el sistema.<\/p>\n\n\n\n<p>M\u00e1s all\u00e1 de la posibilidad individual de inscribirse en el sitio web <a href=\"https:\/\/vacunatepba.gba.gob.ar\/\">https:\/\/vacunatepba.gba.gob.ar\/<\/a> y del abordaje territorial que se intensificar\u00e1 en los pr\u00f3ximos d\u00edas, se hace un llamado a sindicatos, clubes, empresas y entidades que puedan facilitar la inscripci\u00f3n y, en los casos en los que pueda resultar m\u00e1s eficaz, brindar datos de contacto que les permitan alertar a los inscriptos sobre la emisi\u00f3n de los turnos.<\/p>\n\n\n\n<p>Inscrib\u00edte, inscrib\u00ed a tu gente cercana y ayudanos a que las vacunas lleguen a todos y a todas tan pronto como sea posible.<\/p>\n\n\n\n<p>En el siguiente link encontrar\u00e1n informaci\u00f3n \u00fatil sobre c\u00f3mo inscribirse y c\u00f3mo continuar con el seguimiento de las gestiones realizadas.<\/p>\n","protected":false},"excerpt":{"rendered":"<p>La Delegaci\u00f3n San Pedro del Ministerio de Trabajo junto a la Coordinaci\u00f3n local del Plan Vacunate y la Municipalidad de San Pedro, solicitan a todas las organizaciones con representaci\u00f3n y\/o v\u00ednculos con trabajadores y profesionales de nuestra comunidad que se sumen a la campa\u00f1a de divulgaci\u00f3n para completar el formulario de inscripci\u00f3n a trav\u00e9s del [&hellip;]<\/p>\n","protected":false},"author":4,"featured_media":91486,"comment_status":"open","ping_status":"closed","sticky":false,"template":"","format":"standard","meta":{"om_disable_all_campaigns":false,"_jetpack_memberships_contains_paid_content":false,"footnotes":""},"categories":[101,2],"tags":[],"class_list":["post-93451","post","type-post","status-publish","format-standard","has-post-thumbnail","hentry","category-interes-general-locales","category-locales"],"aioseo_notices":[],"gutentor_comment":0,"jetpack_featured_media_url":"https:\/\/eldiariodesanpedro.com.ar\/sitio\/wp-content\/uploads\/2021\/04\/Vacunacion-Baradero-2.jpeg","jetpack_shortlink":"https:\/\/wp.me\/p6RhLt-ojh","jetpack_sharing_enabled":true,"_links":{"self":[{"href":"https:\/\/eldiariodesanpedro.com.ar\/sitio\/wp-json\/wp\/v2\/posts\/93451","targetHints":{"allow":["GET"]}}],"collection":[{"href":"https:\/\/eldiariodesanpedro.com.ar\/sitio\/wp-json\/wp\/v2\/posts"}],"about":[{"href":"https:\/\/eldiariodesanpedro.com.ar\/sitio\/wp-json\/wp\/v2\/types\/post"}],"author":[{"embeddable":true,"href":"https:\/\/eldiariodesanpedro.com.ar\/sitio\/wp-json\/wp\/v2\/users\/4"}],"replies":[{"embeddable":true,"href":"https:\/\/eldiariodesanpedro.com.ar\/sitio\/wp-json\/wp\/v2\/comments?post=93451"}],"version-history":[{"count":1,"href":"https:\/\/eldiariodesanpedro.com.ar\/sitio\/wp-json\/wp\/v2\/posts\/93451\/revisions"}],"predecessor-version":[{"id":93452,"href":"https:\/\/eldiariodesanpedro.com.ar\/sitio\/wp-json\/wp\/v2\/posts\/93451\/revisions\/93452"}],"wp:featuredmedia":[{"embeddable":true,"href":"https:\/\/eldiariodesanpedro.com.ar\/sitio\/wp-json\/wp\/v2\/media\/91486"}],"wp:attachment":[{"href":"https:\/\/eldiariodesanpedro.com.ar\/sitio\/wp-json\/wp\/v2\/media?parent=93451"}],"wp:term":[{"taxonomy":"category","embeddable":true,"href":"https:\/\/eldiariodesanpedro.com.ar\/sitio\/wp-json\/wp\/v2\/categories?post=93451"},{"taxonomy":"post_tag","embeddable":true,"href":"https:\/\/eldiariodesanpedro.com.ar\/sitio\/wp-json\/wp\/v2\/tags?post=93451"}],"curies":[{"name":"wp","href":"https:\/\/api.w.org\/{rel}","templated":true}]}}