{"id":93448,"date":"2021-05-31T18:20:30","date_gmt":"2021-05-31T21:20:30","guid":{"rendered":"https:\/\/eldiariodesanpedro.com.ar\/sitio\/?p=93448"},"modified":"2021-05-31T18:20:34","modified_gmt":"2021-05-31T21:20:34","slug":"alexa-pettone-el-patin-me-abrazo-de-diferentes-maneras","status":"publish","type":"post","link":"https:\/\/eldiariodesanpedro.com.ar\/sitio\/alexa-pettone-el-patin-me-abrazo-de-diferentes-maneras\/","title":{"rendered":"Alexa Pettone: \u00abEl pat\u00edn me abraz\u00f3 de diferentes maneras\u00bb"},"content":{"rendered":"<!-- VideographyWP Plugin Message: Automatic video embedding prevented by plugin options. -->\n\n<p>Habla sobre su carrera y por qu\u00e9 es importante que m\u00e1s mujeres y disidencias ocupen puestos de decisi\u00f3n en el deporte.<\/p>\n\n\n\n<p>\u201cSoy aquel ni\u00f1o, soy aquella ni\u00f1a que, jugando a ser, lejos de esa jaula que atrapa y lastima, solo intenta jugar\u201d, escribe Alexa Pettone y despliega una caricia sobre su infancia y muchas otras. Alexa tiene 34 a\u00f1os, es oriunda de San Pedro y en 2015 se convirti\u00f3 en la primera mujer trans en ser aceptada por la Confederaci\u00f3n Argentina de Pat\u00edn Carrera. Para ella los patines fueron una gran compa\u00f1\u00eda en diferentes etapas de su vida y las alas que le permitieron volar cuando el mundo hostil no la dejaba salir. \u201cA m\u00ed el pat\u00edn me abraz\u00f3 de diferentes maneras. En primera instancia fue mi mam\u00e1 quien, sin buscarlo, me acerc\u00f3 al patinaje a los 8 a\u00f1os, logrando separarme del binarismo del deporte y evadiendo la obligaci\u00f3n de jugar al f\u00fatbol por ser var\u00f3n. A partir de ah\u00ed crec\u00ed en la disciplina y comenc\u00e9 a entrenar de manera profesional en el Club Paran\u00e1 de San Pedro, hasta que en la adolescencia, con la irrupci\u00f3n de mi identidad de g\u00e9nero, me alej\u00e9 de las competencias porque no me sent\u00eda identificada con la categor\u00eda masculina a la que deb\u00eda representar\u201d, cuenta la especialista en velocidad que en 2017 y 2019 se consagr\u00f3 como ganadora en las carreras de 300 y 500 metros del Torneo Nacional de Pat\u00edn.<\/p>\n\n\n\n<p>Si bien nunca dej\u00f3 de practicar, la sanci\u00f3n de la Ley de Identidad de G\u00e9nero y una competencia amateur ganada en la categor\u00eda femenina fueron la chispa que encendi\u00f3 aquello que no se hab\u00eda apagado: fogueada por el impulso de esa victoria y abrazada por su entorno, Alexa decidi\u00f3 contactarse con el Coordinador de la Confederaci\u00f3n Argentina de Pat\u00edn, Esteban Gonz\u00e1lez, para competir de manera profesional como mujer. La respuesta fue un s\u00ed rotundo y a partir de ese momento, aunque entrenando en su ciudad natal, la joven comenz\u00f3 a representar al Club Cermun de Jos\u00e9 C. Paz bajo las \u00f3rdenes de la entrenadora Andrea Gonz\u00e1lez, multicampeona de pat\u00edn. \u201cVolver a las pistas siendo Alexa fue un reconocimiento personal y colectivo\u201d, dice mientras recuerda los nervios al encarar su primera carrera profesional, en el Torneo Metropolitano de la Confederaci\u00f3n, en Escobar. Sin embargo, la patinadora reconoce que es afortunada, ya que muchas personas trans deben recurrir a la justicia para ejercer su derecho. \u201cAl principio ten\u00eda miedo a ser discriminada, apartada, rechazada, todas las cosas a las que las personas trans estamos acostumbradas. Por suerte no me pas\u00f3 nunca dentro de las competencias pero s\u00ed en San Pedro, porque nadie es profeta en su tierra\u201d, asegura y comenta c\u00f3mo en su momento debi\u00f3 escuchar comentarios sobre la fuerza o la diferencia f\u00edsica entre las mujeres cis y trans.<\/p>\n\n\n\n<p>En cuanto a las medidas que se deben tomar para que las infancias trans se sientan incluidas en el deporte, la patinadora que, a pesar de la suspensi\u00f3n de las competiciones por la pandemia, sigue perteneciendo al Club Cermun \u2013con el que recolect\u00f3 victorias en Torneos Metropolitanos y Amateurs\u2013, asegura que la \u00fanica manera de deconstruir el machismo es aplicar pol\u00edticas p\u00fablicas que ayuden a desaprender lo normativizado e imaginar otros horizontes posibles, con m\u00e1s mujeres y disidencias en los puestos de decisi\u00f3n: \u201cEl hecho de que las deportistas trans nos podamos empezar a visibilizar ayuda un mont\u00f3n a deconstruir el seno del deporte en las infancias. El deporte es un ambiente supermachista, donde la mayor\u00eda de los puestos de poder son ocupados por varones. Necesitamos m\u00e1s mujeres y disidencias para empezar a desaprender muchas cuestiones que est\u00e1n naturalizadas y que en las pistas se transforman en violencia. Un paso gigante es lo que pasa hoy con el f\u00fatbol femenino. Eso ya abre una gran perspectiva\u201d, puntualiza.<\/p>\n\n\n\n<p>Adem\u00e1s de su actividad deportiva, Alexa siempre quiso ser actriz y est\u00e1 cumpliendo su sue\u00f1o de la mejor manera: hace unas semanas termin\u00f3 de rodar \u00abYo nena, yo princesa\u00bb, el film protagonizado por Eleonora Wexler y Juan Palomino que relata la historia Luana, la primera ni\u00f1a trans en obtener su DNI rectificado bajo la Ley de Identidad de G\u00e9nero. Si bien el elenco ya estaba completo, cuando su director, Federico Palazzo, conoci\u00f3 a Alexa, intervino especialmente para que formara parte de la pel\u00edcula. \u201cAs\u00ed entr\u00e9 a contar la historia de Luana, personita que conozco y amo. \u00bfC\u00f3mo no comprometerme con eso? Todo cerraba perfecto y nada mejor que comenzar mi carrera actoral en el cine nacional\u201d, cuenta la joven, que encarna a una de las psicopedagogas de la protagonista.<\/p>\n\n\n\n<p>Para la patinadora, los logros no son personales sino colectivos, por eso antes de terminar la entrevista remarca que es fundamental que se escuchen las voces trans para entender su realidad y proyectar otra humanidad. \u201cLas chicas trans tenemos muchos sue\u00f1os pero llegar a cumplirlos en este sistema expulsivo es dif\u00edcil. Yo siempre quise ser actriz. La gente me pregunta por qu\u00e9 tard\u00e9 tanto en hacerlo, pero la verdad es que en la adolescencia las personas trans estamos luchando por ser quienes somos y este sistema tan acelerado no nos espera. Cuando los pibes y pibas de 16 a\u00f1os est\u00e1n pensando qu\u00e9 carrera elegir, nosotras no sabemos qui\u00e9nes somos o no lo podemos expresar. Esas demoras te hacen perder ese per\u00edodo lleno de ganas de buscar\u201d, finaliza.<\/p>\n\n\n\n<p>Fuente: <a href=\"https:\/\/www.sanpedroinforma.com.ar\/nota\/124216\/deportes\/alexa-pettone-el-patin-me-abrazo-de-diferentes-maneras.html\">San Pedro Informa<\/a><\/p>\n","protected":false},"excerpt":{"rendered":"<p>Habla sobre su carrera y por qu\u00e9 es importante que m\u00e1s mujeres y disidencias ocupen puestos de decisi\u00f3n en el deporte. \u201cSoy aquel ni\u00f1o, soy aquella ni\u00f1a que, jugando a ser, lejos de esa jaula que atrapa y lastima, solo intenta jugar\u201d, escribe Alexa Pettone y despliega una caricia sobre su infancia y muchas otras. [&hellip;]<\/p>\n","protected":false},"author":4,"featured_media":93450,"comment_status":"open","ping_status":"closed","sticky":false,"template":"","format":"standard","meta":{"om_disable_all_campaigns":false,"_jetpack_memberships_contains_paid_content":false,"footnotes":""},"categories":[101,2],"tags":[],"class_list":["post-93448","post","type-post","status-publish","format-standard","has-post-thumbnail","hentry","category-interes-general-locales","category-locales"],"aioseo_notices":[],"gutentor_comment":0,"jetpack_featured_media_url":"https:\/\/eldiariodesanpedro.com.ar\/sitio\/wp-content\/uploads\/2021\/05\/000091691.png","jetpack_shortlink":"https:\/\/wp.me\/p6RhLt-oje","jetpack_sharing_enabled":true,"_links":{"self":[{"href":"https:\/\/eldiariodesanpedro.com.ar\/sitio\/wp-json\/wp\/v2\/posts\/93448","targetHints":{"allow":["GET"]}}],"collection":[{"href":"https:\/\/eldiariodesanpedro.com.ar\/sitio\/wp-json\/wp\/v2\/posts"}],"about":[{"href":"https:\/\/eldiariodesanpedro.com.ar\/sitio\/wp-json\/wp\/v2\/types\/post"}],"author":[{"embeddable":true,"href":"https:\/\/eldiariodesanpedro.com.ar\/sitio\/wp-json\/wp\/v2\/users\/4"}],"replies":[{"embeddable":true,"href":"https:\/\/eldiariodesanpedro.com.ar\/sitio\/wp-json\/wp\/v2\/comments?post=93448"}],"version-history":[{"count":1,"href":"https:\/\/eldiariodesanpedro.com.ar\/sitio\/wp-json\/wp\/v2\/posts\/93448\/revisions"}],"predecessor-version":[{"id":93449,"href":"https:\/\/eldiariodesanpedro.com.ar\/sitio\/wp-json\/wp\/v2\/posts\/93448\/revisions\/93449"}],"wp:featuredmedia":[{"embeddable":true,"href":"https:\/\/eldiariodesanpedro.com.ar\/sitio\/wp-json\/wp\/v2\/media\/93450"}],"wp:attachment":[{"href":"https:\/\/eldiariodesanpedro.com.ar\/sitio\/wp-json\/wp\/v2\/media?parent=93448"}],"wp:term":[{"taxonomy":"category","embeddable":true,"href":"https:\/\/eldiariodesanpedro.com.ar\/sitio\/wp-json\/wp\/v2\/categories?post=93448"},{"taxonomy":"post_tag","embeddable":true,"href":"https:\/\/eldiariodesanpedro.com.ar\/sitio\/wp-json\/wp\/v2\/tags?post=93448"}],"curies":[{"name":"wp","href":"https:\/\/api.w.org\/{rel}","templated":true}]}}