{"id":93444,"date":"2021-05-31T10:09:17","date_gmt":"2021-05-31T13:09:17","guid":{"rendered":"https:\/\/eldiariodesanpedro.com.ar\/sitio\/?p=93444"},"modified":"2021-05-31T10:09:22","modified_gmt":"2021-05-31T13:09:22","slug":"se-amplia-a-partir-de-hoy-el-horario-de-atencion-de-los-consultorios-amarillos","status":"publish","type":"post","link":"https:\/\/eldiariodesanpedro.com.ar\/sitio\/se-amplia-a-partir-de-hoy-el-horario-de-atencion-de-los-consultorios-amarillos\/","title":{"rendered":"Se amplia a partir de hoy el horario de atenci\u00f3n de los consultorios amarillos"},"content":{"rendered":"<!-- VideographyWP Plugin Message: Automatic video embedding prevented by plugin options. -->\n\n<p>La Secretar\u00eda de Salud de la Municipalidad de San Pedro informa que ante el crecimiento de consultas en los Consultorios Amarillos que funcionan en Ituzaing\u00f3 979, se ha resuelto un nuevo diagrama de atenci\u00f3n desde el pr\u00f3ximo lunes.<\/p>\n\n\n\n<p>Estos consultorios estar\u00e1n abiertos de lunes a viernes de 9 a 16 hs y los s\u00e1bados y feriados de 9 a 12 hs.<br>En caso de ser necesario se aplicar\u00e1n cortes al tr\u00e1nsito para facilitar el ordenamiento de la espera en el exterior.<\/p>\n\n\n\n<p>Fuera de horarios y los d\u00edas de domingos, se pueden realizar consultas al 107 para recibir la asistencia correspondiente.<\/p>\n","protected":false},"excerpt":{"rendered":"<p>La Secretar\u00eda de Salud de la Municipalidad de San Pedro informa que ante el crecimiento de consultas en los Consultorios Amarillos que funcionan en Ituzaing\u00f3 979, se ha resuelto un nuevo diagrama de atenci\u00f3n desde el pr\u00f3ximo lunes. Estos consultorios estar\u00e1n abiertos de lunes a viernes de 9 a 16 hs y los s\u00e1bados y [&hellip;]<\/p>\n","protected":false},"author":4,"featured_media":93446,"comment_status":"open","ping_status":"closed","sticky":false,"template":"","format":"standard","meta":{"om_disable_all_campaigns":false,"_jetpack_memberships_contains_paid_content":false,"footnotes":""},"categories":[50,101,2],"tags":[],"class_list":["post-93444","post","type-post","status-publish","format-standard","has-post-thumbnail","hentry","category-destacadas","category-interes-general-locales","category-locales"],"aioseo_notices":[],"gutentor_comment":0,"jetpack_featured_media_url":"https:\/\/eldiariodesanpedro.com.ar\/sitio\/wp-content\/uploads\/2021\/05\/116878664_3190871337674186_252574751331187169_n.jpg","jetpack_shortlink":"https:\/\/wp.me\/p6RhLt-oja","jetpack_sharing_enabled":true,"_links":{"self":[{"href":"https:\/\/eldiariodesanpedro.com.ar\/sitio\/wp-json\/wp\/v2\/posts\/93444","targetHints":{"allow":["GET"]}}],"collection":[{"href":"https:\/\/eldiariodesanpedro.com.ar\/sitio\/wp-json\/wp\/v2\/posts"}],"about":[{"href":"https:\/\/eldiariodesanpedro.com.ar\/sitio\/wp-json\/wp\/v2\/types\/post"}],"author":[{"embeddable":true,"href":"https:\/\/eldiariodesanpedro.com.ar\/sitio\/wp-json\/wp\/v2\/users\/4"}],"replies":[{"embeddable":true,"href":"https:\/\/eldiariodesanpedro.com.ar\/sitio\/wp-json\/wp\/v2\/comments?post=93444"}],"version-history":[{"count":1,"href":"https:\/\/eldiariodesanpedro.com.ar\/sitio\/wp-json\/wp\/v2\/posts\/93444\/revisions"}],"predecessor-version":[{"id":93447,"href":"https:\/\/eldiariodesanpedro.com.ar\/sitio\/wp-json\/wp\/v2\/posts\/93444\/revisions\/93447"}],"wp:featuredmedia":[{"embeddable":true,"href":"https:\/\/eldiariodesanpedro.com.ar\/sitio\/wp-json\/wp\/v2\/media\/93446"}],"wp:attachment":[{"href":"https:\/\/eldiariodesanpedro.com.ar\/sitio\/wp-json\/wp\/v2\/media?parent=93444"}],"wp:term":[{"taxonomy":"category","embeddable":true,"href":"https:\/\/eldiariodesanpedro.com.ar\/sitio\/wp-json\/wp\/v2\/categories?post=93444"},{"taxonomy":"post_tag","embeddable":true,"href":"https:\/\/eldiariodesanpedro.com.ar\/sitio\/wp-json\/wp\/v2\/tags?post=93444"}],"curies":[{"name":"wp","href":"https:\/\/api.w.org\/{rel}","templated":true}]}}