{"id":93439,"date":"2021-05-31T09:35:10","date_gmt":"2021-05-31T12:35:10","guid":{"rendered":"https:\/\/eldiariodesanpedro.com.ar\/sitio\/?p=93439"},"modified":"2021-05-31T09:35:14","modified_gmt":"2021-05-31T12:35:14","slug":"fallecio-el-concejero-escolar-fernando-cajide-por-coronavirus","status":"publish","type":"post","link":"https:\/\/eldiariodesanpedro.com.ar\/sitio\/fallecio-el-concejero-escolar-fernando-cajide-por-coronavirus\/","title":{"rendered":"Falleci\u00f3 el concejero escolar Fernando Cajide por coronavirus"},"content":{"rendered":"<!-- VideographyWP Plugin Message: Automatic video embedding prevented by plugin options. -->\n\n<p>La Secretar\u00eda de Salud de la Municipalidad de San Pedro informa el fallecimiento del Sr. Fernando Cajide de 56 a\u00f1os de edad, internado con COVID 19 positivo en San Nicol\u00e1s.<\/p>\n\n\n\n<p>Desde el gobierno municipal de San Pedro despedimos con profundo dolor a \u00abNano\u00bb quien se desempa\u00f1aba como miembro del Consejo Escolar y como un activo dirigente institucional en nuestro medio. Acompa\u00f1amos a su familia, amigos y compa\u00f1eros de trabajo.<\/p>\n","protected":false},"excerpt":{"rendered":"<p>La Secretar\u00eda de Salud de la Municipalidad de San Pedro informa el fallecimiento del Sr. Fernando Cajide de 56 a\u00f1os de edad, internado con COVID 19 positivo en San Nicol\u00e1s. Desde el gobierno municipal de San Pedro despedimos con profundo dolor a \u00abNano\u00bb quien se desempa\u00f1aba como miembro del Consejo Escolar y como un activo [&hellip;]<\/p>\n","protected":false},"author":4,"featured_media":93440,"comment_status":"open","ping_status":"closed","sticky":false,"template":"","format":"standard","meta":{"om_disable_all_campaigns":false,"_jetpack_memberships_contains_paid_content":false,"footnotes":""},"categories":[50,101,2],"tags":[],"class_list":["post-93439","post","type-post","status-publish","format-standard","has-post-thumbnail","hentry","category-destacadas","category-interes-general-locales","category-locales"],"aioseo_notices":[],"gutentor_comment":0,"jetpack_featured_media_url":"https:\/\/eldiariodesanpedro.com.ar\/sitio\/wp-content\/uploads\/2021\/05\/cajide.jpg","jetpack_shortlink":"https:\/\/wp.me\/p6RhLt-oj5","jetpack_sharing_enabled":true,"_links":{"self":[{"href":"https:\/\/eldiariodesanpedro.com.ar\/sitio\/wp-json\/wp\/v2\/posts\/93439","targetHints":{"allow":["GET"]}}],"collection":[{"href":"https:\/\/eldiariodesanpedro.com.ar\/sitio\/wp-json\/wp\/v2\/posts"}],"about":[{"href":"https:\/\/eldiariodesanpedro.com.ar\/sitio\/wp-json\/wp\/v2\/types\/post"}],"author":[{"embeddable":true,"href":"https:\/\/eldiariodesanpedro.com.ar\/sitio\/wp-json\/wp\/v2\/users\/4"}],"replies":[{"embeddable":true,"href":"https:\/\/eldiariodesanpedro.com.ar\/sitio\/wp-json\/wp\/v2\/comments?post=93439"}],"version-history":[{"count":1,"href":"https:\/\/eldiariodesanpedro.com.ar\/sitio\/wp-json\/wp\/v2\/posts\/93439\/revisions"}],"predecessor-version":[{"id":93441,"href":"https:\/\/eldiariodesanpedro.com.ar\/sitio\/wp-json\/wp\/v2\/posts\/93439\/revisions\/93441"}],"wp:featuredmedia":[{"embeddable":true,"href":"https:\/\/eldiariodesanpedro.com.ar\/sitio\/wp-json\/wp\/v2\/media\/93440"}],"wp:attachment":[{"href":"https:\/\/eldiariodesanpedro.com.ar\/sitio\/wp-json\/wp\/v2\/media?parent=93439"}],"wp:term":[{"taxonomy":"category","embeddable":true,"href":"https:\/\/eldiariodesanpedro.com.ar\/sitio\/wp-json\/wp\/v2\/categories?post=93439"},{"taxonomy":"post_tag","embeddable":true,"href":"https:\/\/eldiariodesanpedro.com.ar\/sitio\/wp-json\/wp\/v2\/tags?post=93439"}],"curies":[{"name":"wp","href":"https:\/\/api.w.org\/{rel}","templated":true}]}}