{"id":93437,"date":"2021-05-31T09:31:26","date_gmt":"2021-05-31T12:31:26","guid":{"rendered":"https:\/\/eldiariodesanpedro.com.ar\/sitio\/?p=93437"},"modified":"2021-05-31T09:31:31","modified_gmt":"2021-05-31T12:31:31","slug":"el-primer-fallecimiento-del-dia-por-coronavirus-es-ruben-mariani-de-58-anos","status":"publish","type":"post","link":"https:\/\/eldiariodesanpedro.com.ar\/sitio\/el-primer-fallecimiento-del-dia-por-coronavirus-es-ruben-mariani-de-58-anos\/","title":{"rendered":"El primer fallecimiento del d\u00eda por coronavirus es Rub\u00e9n Mariani, de 58 a\u00f1os"},"content":{"rendered":"<!-- VideographyWP Plugin Message: Automatic video embedding prevented by plugin options. -->\n\n<p>La Secretar\u00eda de Salud de la Municipalidad de San Pedro informa el fallecimiento del Sr. <strong>Rub\u00e9n Mariani<\/strong> de 52 a\u00f1os de edad, internado con COVID 19 positivo la UTI del Hospital Emilio Ruffa.<\/p>\n\n\n\n<p>Acompa\u00f1amos en este doloroso momento y hacemos llegar nuestras condolencias a sus familiares y seres queridos.<\/p>\n","protected":false},"excerpt":{"rendered":"<p>La Secretar\u00eda de Salud de la Municipalidad de San Pedro informa el fallecimiento del Sr. Rub\u00e9n Mariani de 52 a\u00f1os de edad, internado con COVID 19 positivo la UTI del Hospital Emilio Ruffa. Acompa\u00f1amos en este doloroso momento y hacemos llegar nuestras condolencias a sus familiares y seres queridos.<\/p>\n","protected":false},"author":4,"featured_media":80304,"comment_status":"open","ping_status":"closed","sticky":false,"template":"","format":"standard","meta":{"om_disable_all_campaigns":false,"_jetpack_memberships_contains_paid_content":false,"footnotes":""},"categories":[50,101,2],"tags":[],"class_list":["post-93437","post","type-post","status-publish","format-standard","has-post-thumbnail","hentry","category-destacadas","category-interes-general-locales","category-locales"],"aioseo_notices":[],"gutentor_comment":0,"jetpack_featured_media_url":"https:\/\/eldiariodesanpedro.com.ar\/sitio\/wp-content\/uploads\/2020\/08\/CORONAVIRUS-222.jpg","jetpack_shortlink":"https:\/\/wp.me\/p6RhLt-oj3","jetpack_sharing_enabled":true,"_links":{"self":[{"href":"https:\/\/eldiariodesanpedro.com.ar\/sitio\/wp-json\/wp\/v2\/posts\/93437","targetHints":{"allow":["GET"]}}],"collection":[{"href":"https:\/\/eldiariodesanpedro.com.ar\/sitio\/wp-json\/wp\/v2\/posts"}],"about":[{"href":"https:\/\/eldiariodesanpedro.com.ar\/sitio\/wp-json\/wp\/v2\/types\/post"}],"author":[{"embeddable":true,"href":"https:\/\/eldiariodesanpedro.com.ar\/sitio\/wp-json\/wp\/v2\/users\/4"}],"replies":[{"embeddable":true,"href":"https:\/\/eldiariodesanpedro.com.ar\/sitio\/wp-json\/wp\/v2\/comments?post=93437"}],"version-history":[{"count":1,"href":"https:\/\/eldiariodesanpedro.com.ar\/sitio\/wp-json\/wp\/v2\/posts\/93437\/revisions"}],"predecessor-version":[{"id":93438,"href":"https:\/\/eldiariodesanpedro.com.ar\/sitio\/wp-json\/wp\/v2\/posts\/93437\/revisions\/93438"}],"wp:featuredmedia":[{"embeddable":true,"href":"https:\/\/eldiariodesanpedro.com.ar\/sitio\/wp-json\/wp\/v2\/media\/80304"}],"wp:attachment":[{"href":"https:\/\/eldiariodesanpedro.com.ar\/sitio\/wp-json\/wp\/v2\/media?parent=93437"}],"wp:term":[{"taxonomy":"category","embeddable":true,"href":"https:\/\/eldiariodesanpedro.com.ar\/sitio\/wp-json\/wp\/v2\/categories?post=93437"},{"taxonomy":"post_tag","embeddable":true,"href":"https:\/\/eldiariodesanpedro.com.ar\/sitio\/wp-json\/wp\/v2\/tags?post=93437"}],"curies":[{"name":"wp","href":"https:\/\/api.w.org\/{rel}","templated":true}]}}