{"id":93433,"date":"2021-05-30T21:51:08","date_gmt":"2021-05-31T00:51:08","guid":{"rendered":"https:\/\/eldiariodesanpedro.com.ar\/sitio\/?p=93433"},"modified":"2021-05-30T21:51:13","modified_gmt":"2021-05-31T00:51:13","slug":"restricciones-a-partir-de-manana-rige-la-fase-2-y-los-comercios-alimenticios-podran-abrir-hasta-las-1945-hs","status":"publish","type":"post","link":"https:\/\/eldiariodesanpedro.com.ar\/sitio\/restricciones-a-partir-de-manana-rige-la-fase-2-y-los-comercios-alimenticios-podran-abrir-hasta-las-1945-hs\/","title":{"rendered":"Restricciones:  A partir de ma\u00f1ana rige la fase 2 y los comercios alimenticios podr\u00e1n abrir hasta las 19:45 hs"},"content":{"rendered":"<!-- VideographyWP Plugin Message: Automatic video embedding prevented by plugin options. -->\n\n<p>La Municipalidad de San Pedro informa que a partir de ma\u00f1ana lunes 31 de mayo y hasta el viernes 4 de junio vuelven a regir las condiciones que establec\u00eda la Fase 2, previas al DNU que est\u00e1 vigente hasta hoy.<\/p>\n\n\n\n<p>Los comercios podr\u00e1n estar abiertos entre las 6 y las 19hs restringiendo al m\u00ednimo indispensable el ingreso de clientes a los locales y favoreciendo la atenci\u00f3n en puerta.<\/p>\n\n\n\n<p>Los comercios de venta de alimentos podr\u00e1n extender su horario hasta las 19:45hs, medida que ha sido consensuada con el Centro de Comercio, Industria y Turismo para permitir que puedan acceder y realizar sus compras esenciales quienes concluyen sus actividades a las 19.<\/p>\n\n\n\n<p>Los bares y restaurantes s\u00f3lo pueden ofrecer sus servicios al aire libre, hasta las 19 y luego con env\u00edos por delivery hasta las 23.<\/p>\n\n\n\n<p>Est\u00e1n prohibidas las reuniones en espacios p\u00fablicos o privados y la circulaci\u00f3n entre las 20 y las 6 s\u00f3lo est\u00e1 permitida para personal esencial con datos actualizados en la aplicaci\u00f3n CUIDAR.<\/p>\n\n\n\n<p>Se autoriza en esta fase, la pr\u00e1ctica recreativa de deportes individuales o grupales, sin contacto y al aire libre, as\u00ed como en gimnasios al aire libre y natatorios en la misma condici\u00f3n.<\/p>\n\n\n\n<p>Si a\u00fan no lo hiciste, inscr\u00edbite en el Programa de Vacunaci\u00f3n. Mientras el plan contin\u00faa, nuestras herramientas para cuidarnos son el correcto uso del barbijo, distancia, higiene y ventilaci\u00f3n.<\/p>\n\n\n\n<p>Para mayor informaci\u00f3n sobre del listado completo de restricciones en FASE 2 podes ingresar en <a href=\"http:\/\/www.sanpedro.gob.ar\">www.sanpedro.gob.ar<\/a><\/p>\n","protected":false},"excerpt":{"rendered":"<p>La Municipalidad de San Pedro informa que a partir de ma\u00f1ana lunes 31 de mayo y hasta el viernes 4 de junio vuelven a regir las condiciones que establec\u00eda la Fase 2, previas al DNU que est\u00e1 vigente hasta hoy. Los comercios podr\u00e1n estar abiertos entre las 6 y las 19hs restringiendo al m\u00ednimo indispensable [&hellip;]<\/p>\n","protected":false},"author":4,"featured_media":93435,"comment_status":"open","ping_status":"closed","sticky":false,"template":"","format":"standard","meta":{"om_disable_all_campaigns":false,"_jetpack_memberships_contains_paid_content":false,"footnotes":""},"categories":[50,101,2],"tags":[],"class_list":["post-93433","post","type-post","status-publish","format-standard","has-post-thumbnail","hentry","category-destacadas","category-interes-general-locales","category-locales"],"aioseo_notices":[],"gutentor_comment":0,"jetpack_featured_media_url":"https:\/\/eldiariodesanpedro.com.ar\/sitio\/wp-content\/uploads\/2021\/05\/WhatsApp-Image-2021-05-30-at-19.46.06-1.jpeg","jetpack_shortlink":"https:\/\/wp.me\/p6RhLt-oiZ","jetpack_sharing_enabled":true,"_links":{"self":[{"href":"https:\/\/eldiariodesanpedro.com.ar\/sitio\/wp-json\/wp\/v2\/posts\/93433","targetHints":{"allow":["GET"]}}],"collection":[{"href":"https:\/\/eldiariodesanpedro.com.ar\/sitio\/wp-json\/wp\/v2\/posts"}],"about":[{"href":"https:\/\/eldiariodesanpedro.com.ar\/sitio\/wp-json\/wp\/v2\/types\/post"}],"author":[{"embeddable":true,"href":"https:\/\/eldiariodesanpedro.com.ar\/sitio\/wp-json\/wp\/v2\/users\/4"}],"replies":[{"embeddable":true,"href":"https:\/\/eldiariodesanpedro.com.ar\/sitio\/wp-json\/wp\/v2\/comments?post=93433"}],"version-history":[{"count":1,"href":"https:\/\/eldiariodesanpedro.com.ar\/sitio\/wp-json\/wp\/v2\/posts\/93433\/revisions"}],"predecessor-version":[{"id":93436,"href":"https:\/\/eldiariodesanpedro.com.ar\/sitio\/wp-json\/wp\/v2\/posts\/93433\/revisions\/93436"}],"wp:featuredmedia":[{"embeddable":true,"href":"https:\/\/eldiariodesanpedro.com.ar\/sitio\/wp-json\/wp\/v2\/media\/93435"}],"wp:attachment":[{"href":"https:\/\/eldiariodesanpedro.com.ar\/sitio\/wp-json\/wp\/v2\/media?parent=93433"}],"wp:term":[{"taxonomy":"category","embeddable":true,"href":"https:\/\/eldiariodesanpedro.com.ar\/sitio\/wp-json\/wp\/v2\/categories?post=93433"},{"taxonomy":"post_tag","embeddable":true,"href":"https:\/\/eldiariodesanpedro.com.ar\/sitio\/wp-json\/wp\/v2\/tags?post=93433"}],"curies":[{"name":"wp","href":"https:\/\/api.w.org\/{rel}","templated":true}]}}