{"id":93430,"date":"2021-05-30T20:30:45","date_gmt":"2021-05-30T23:30:45","guid":{"rendered":"https:\/\/eldiariodesanpedro.com.ar\/sitio\/?p=93430"},"modified":"2021-05-30T20:30:49","modified_gmt":"2021-05-30T23:30:49","slug":"ceden-cartografia-antigua-al-archivo-de-documentacion-historica-del-museo-paleontologico","status":"publish","type":"post","link":"https:\/\/eldiariodesanpedro.com.ar\/sitio\/ceden-cartografia-antigua-al-archivo-de-documentacion-historica-del-museo-paleontologico\/","title":{"rendered":"Ceden cartograf\u00eda antigua al archivo de documentaci\u00f3n hist\u00f3rica del Museo Paleontol\u00f3gico"},"content":{"rendered":"<!-- VideographyWP Plugin Message: Automatic video embedding prevented by plugin options. -->\n\n<p><strong>Son mapas del partido de San Pedro y de las tierras que conforman el delta del Paran\u00e1 inferior<\/strong><\/p>\n\n\n\n<p><strong>Atilio Arturo Oromez<\/strong>&nbsp;fue una persona inquieta, curiosa y muy capaz, que cumpli\u00f3 funciones como jefe de Obras P\u00fablicas de la Municipalidad de San Pedro durante los a\u00f1os \u00b470. Adem\u00e1s, desarroll\u00f3 tareas al frente de la Direcci\u00f3n de Catastro.<\/p>\n\n\n\n<p>A\u00f1os despu\u00e9s de su fallecimiento, su familia recuper\u00f3, entre sus elementos de trabajo diario,&nbsp;<strong>tres mapas catastrales con informaci\u00f3n de nuestro partido y otro, de importante tama\u00f1o, donde se detallan las tierras que conformaban, d\u00e9cadas atr\u00e1s, el delta del r\u00edo Paran\u00e1, desde San Nicol\u00e1s hasta Campana, pasando por Ramallo, San Pedro, Baradero y Z\u00e1rate.<\/strong><\/p>\n\n\n\n<p>Esta \u00faltima cartograf\u00eda es la m\u00e1s interesante del conjunto cedido por la familia Oromez ya que brinda valiosa informaci\u00f3n de los contornos de islas en d\u00e9cadas pasadas que permiten ser comparados con las formas actuales de las tierras correspondientes a la zona del delta y costas del norte bonaerense.<\/p>\n\n\n\n<p>El mapa mide 2,70 metros de ancho x 86 cent\u00edmetros de alto y contiene detalles de loteos, nombres de antiguos propietarios y tierras en litigio, incluso, con provincias lim\u00edtrofes.<\/p>\n\n\n\n<p>Si bien su estado es delicado, a\u00fan conserva casi toda la informaci\u00f3n escrita en \u00e9l.<\/p>\n\n\n\n<p>Las dem\u00e1s piezas cartogr\u00e1ficas contienen divisiones parcelarias, calles y propietarios desde 1959 a 1974, aproximadamente. &nbsp;<\/p>\n\n\n\n<p>Desde el Museo Paleontol\u00f3gico se piensa en mejorar la conservaci\u00f3n de estos materiales e incorporarlos a la colecci\u00f3n de su Archivo de Documentaci\u00f3n Hist\u00f3rica.<\/p>\n\n\n\n<p>Desde el Grupo Conservacionista, se agradece a la familia Oromez por la amabilidad en ceder estos documentos.&nbsp;<\/p>\n","protected":false},"excerpt":{"rendered":"<p>Son mapas del partido de San Pedro y de las tierras que conforman el delta del Paran\u00e1 inferior Atilio Arturo Oromez&nbsp;fue una persona inquieta, curiosa y muy capaz, que cumpli\u00f3 funciones como jefe de Obras P\u00fablicas de la Municipalidad de San Pedro durante los a\u00f1os \u00b470. Adem\u00e1s, desarroll\u00f3 tareas al frente de la Direcci\u00f3n de [&hellip;]<\/p>\n","protected":false},"author":4,"featured_media":93431,"comment_status":"open","ping_status":"closed","sticky":false,"template":"","format":"standard","meta":{"om_disable_all_campaigns":false,"_jetpack_memberships_contains_paid_content":false,"footnotes":""},"categories":[50,101,2],"tags":[],"class_list":["post-93430","post","type-post","status-publish","format-standard","has-post-thumbnail","hentry","category-destacadas","category-interes-general-locales","category-locales"],"aioseo_notices":[],"gutentor_comment":0,"jetpack_featured_media_url":"https:\/\/eldiariodesanpedro.com.ar\/sitio\/wp-content\/uploads\/2021\/05\/IMG-20210522-WA0026.jpg","jetpack_shortlink":"https:\/\/wp.me\/p6RhLt-oiW","jetpack_sharing_enabled":true,"_links":{"self":[{"href":"https:\/\/eldiariodesanpedro.com.ar\/sitio\/wp-json\/wp\/v2\/posts\/93430","targetHints":{"allow":["GET"]}}],"collection":[{"href":"https:\/\/eldiariodesanpedro.com.ar\/sitio\/wp-json\/wp\/v2\/posts"}],"about":[{"href":"https:\/\/eldiariodesanpedro.com.ar\/sitio\/wp-json\/wp\/v2\/types\/post"}],"author":[{"embeddable":true,"href":"https:\/\/eldiariodesanpedro.com.ar\/sitio\/wp-json\/wp\/v2\/users\/4"}],"replies":[{"embeddable":true,"href":"https:\/\/eldiariodesanpedro.com.ar\/sitio\/wp-json\/wp\/v2\/comments?post=93430"}],"version-history":[{"count":1,"href":"https:\/\/eldiariodesanpedro.com.ar\/sitio\/wp-json\/wp\/v2\/posts\/93430\/revisions"}],"predecessor-version":[{"id":93432,"href":"https:\/\/eldiariodesanpedro.com.ar\/sitio\/wp-json\/wp\/v2\/posts\/93430\/revisions\/93432"}],"wp:featuredmedia":[{"embeddable":true,"href":"https:\/\/eldiariodesanpedro.com.ar\/sitio\/wp-json\/wp\/v2\/media\/93431"}],"wp:attachment":[{"href":"https:\/\/eldiariodesanpedro.com.ar\/sitio\/wp-json\/wp\/v2\/media?parent=93430"}],"wp:term":[{"taxonomy":"category","embeddable":true,"href":"https:\/\/eldiariodesanpedro.com.ar\/sitio\/wp-json\/wp\/v2\/categories?post=93430"},{"taxonomy":"post_tag","embeddable":true,"href":"https:\/\/eldiariodesanpedro.com.ar\/sitio\/wp-json\/wp\/v2\/tags?post=93430"}],"curies":[{"name":"wp","href":"https:\/\/api.w.org\/{rel}","templated":true}]}}