{"id":93418,"date":"2021-05-30T11:26:17","date_gmt":"2021-05-30T14:26:17","guid":{"rendered":"https:\/\/eldiariodesanpedro.com.ar\/sitio\/?p=93418"},"modified":"2021-05-30T11:27:27","modified_gmt":"2021-05-30T14:27:27","slug":"san-nicolas-aparecio-la-joven-buscada-nayla-se-habia-ido-con-un-ex-novio","status":"publish","type":"post","link":"https:\/\/eldiariodesanpedro.com.ar\/sitio\/san-nicolas-aparecio-la-joven-buscada-nayla-se-habia-ido-con-un-ex-novio\/","title":{"rendered":"SAN NICOL\u00c1S | Apareci\u00f3 la joven buscada Nayla se hab\u00eda ido con un ex novio"},"content":{"rendered":"<!-- VideographyWP Plugin Message: Automatic video embedding prevented by plugin options. -->\n\n<p>A ra\u00edz de un llamado al 911 que dio aviso que en un kiosco ubicado en Chacabuco y D\u00e1maso Valdes habr\u00eda sido vista Nayla en la tarde de s\u00e1bado.<\/p>\n\n\n\n<p>Se dio alerta a la los m\u00f3viles en la zona y finalmente personal de la Polic\u00eda Local los identific\u00f3 al autom\u00f3vil en el que circulaban, un Chevrolet Classic en las esquinas de Viale y Moreno.<\/p>\n\n\n\n<p>La mujer buscada se encontraba junto a su ex novio, en buen estado de salud y todo indicaba que se hab\u00eda retirado de su hogar por decisi\u00f3n propia.<\/p>\n\n\n\n<p>Ante el despliegue policial, desde la fiscal\u00eda se decidi\u00f3 que ambos fueran trasladados a sede policial a prestar declaraci\u00f3n, all\u00ed se encuentra un equipo de la Direcci\u00f3n de la mujer, pol\u00edtica de g\u00e9nero y diversidad sexual, donde una psic\u00f3loga se encuentra dialogando con la joven.<\/p>\n\n\n\n<p>Recordamos que durante las \u00faltimas horas del viernes fue recepcionada en sede de la Comisar\u00eda Tercera, la b\u00fasqueda de paradero de la joven Nayla de 26 a\u00f1os, de profesi\u00f3n esteticista, quien se ausent\u00f3 de su domicilio y hasta el momento nada se sabe.<\/p>\n\n\n\n<p>Su actual pareja fue el denunciante quien manifest\u00f3 que al regresar a su casa Nayla no estaba, desconociendo su paradero.<\/p>\n\n\n\n<p>Personal policial comenz\u00f3 una intensa b\u00fasqueda por el barrio y alrededores, se entrevistaron con vecinos pero hasta el momento nadie aport\u00f3 informaci\u00f3n precisa.<\/p>\n\n\n\n<p>Se mantiene la b\u00fasqueda. Quien pueda aportar informaci\u00f3n `por favor comunicarse al 911<br>Intervine la Fiscal\u00eda N\u00ba2.<\/p>\n\n\n\n<p>Fuente: <a href=\"http:\/\/www.diarioelinformante.com.ar\/nota-60382_apareci-nayla-junto-a-su-ex-novio-transitando-por-viale-y-moreno\">Diario El Informante<\/a><\/p>\n\n\n\n<figure class=\"wp-block-image size-large\"><img decoding=\"async\" width=\"700\" height=\"394\" data-attachment-id=\"93421\" data-permalink=\"https:\/\/eldiariodesanpedro.com.ar\/sitio\/san-nicolas-aparecio-la-joven-buscada-nayla-se-habia-ido-con-un-ex-novio\/conmarca29760\/\" data-orig-file=\"https:\/\/eldiariodesanpedro.com.ar\/sitio\/wp-content\/uploads\/2021\/05\/conmarca29760.jpg\" data-orig-size=\"700,394\" data-comments-opened=\"1\" data-image-meta=\"{&quot;aperture&quot;:&quot;0&quot;,&quot;credit&quot;:&quot;&quot;,&quot;camera&quot;:&quot;&quot;,&quot;caption&quot;:&quot;&quot;,&quot;created_timestamp&quot;:&quot;0&quot;,&quot;copyright&quot;:&quot;&quot;,&quot;focal_length&quot;:&quot;0&quot;,&quot;iso&quot;:&quot;0&quot;,&quot;shutter_speed&quot;:&quot;0&quot;,&quot;title&quot;:&quot;&quot;,&quot;orientation&quot;:&quot;0&quot;}\" data-image-title=\"conmarca29760\" data-image-description=\"\" data-image-caption=\"\" data-large-file=\"https:\/\/eldiariodesanpedro.com.ar\/sitio\/wp-content\/uploads\/2021\/05\/conmarca29760.jpg\" data-src=\"https:\/\/eldiariodesanpedro.com.ar\/sitio\/wp-content\/uploads\/2021\/05\/conmarca29760.jpg\" alt=\"\" class=\"wp-image-93421 lazyload\" data-srcset=\"https:\/\/eldiariodesanpedro.com.ar\/sitio\/wp-content\/uploads\/2021\/05\/conmarca29760.jpg 700w, https:\/\/eldiariodesanpedro.com.ar\/sitio\/wp-content\/uploads\/2021\/05\/conmarca29760-300x169.jpg 300w\" data-sizes=\"(max-width: 700px) 100vw, 700px\" src=\"data:image\/svg+xml;base64,PHN2ZyB3aWR0aD0iMSIgaGVpZ2h0PSIxIiB4bWxucz0iaHR0cDovL3d3dy53My5vcmcvMjAwMC9zdmciPjwvc3ZnPg==\" style=\"--smush-placeholder-width: 700px; --smush-placeholder-aspect-ratio: 700\/394;\" \/><\/figure>\n\n\n\n<figure class=\"wp-block-image size-large\"><img decoding=\"async\" width=\"643\" height=\"450\" data-attachment-id=\"93420\" data-permalink=\"https:\/\/eldiariodesanpedro.com.ar\/sitio\/san-nicolas-aparecio-la-joven-buscada-nayla-se-habia-ido-con-un-ex-novio\/conmarca29758\/\" data-orig-file=\"https:\/\/eldiariodesanpedro.com.ar\/sitio\/wp-content\/uploads\/2021\/05\/conmarca29758.jpg\" data-orig-size=\"643,450\" data-comments-opened=\"1\" data-image-meta=\"{&quot;aperture&quot;:&quot;0&quot;,&quot;credit&quot;:&quot;&quot;,&quot;camera&quot;:&quot;&quot;,&quot;caption&quot;:&quot;&quot;,&quot;created_timestamp&quot;:&quot;0&quot;,&quot;copyright&quot;:&quot;&quot;,&quot;focal_length&quot;:&quot;0&quot;,&quot;iso&quot;:&quot;0&quot;,&quot;shutter_speed&quot;:&quot;0&quot;,&quot;title&quot;:&quot;&quot;,&quot;orientation&quot;:&quot;0&quot;}\" data-image-title=\"conmarca29758\" data-image-description=\"\" data-image-caption=\"\" data-large-file=\"https:\/\/eldiariodesanpedro.com.ar\/sitio\/wp-content\/uploads\/2021\/05\/conmarca29758.jpg\" data-src=\"https:\/\/eldiariodesanpedro.com.ar\/sitio\/wp-content\/uploads\/2021\/05\/conmarca29758.jpg\" alt=\"\" class=\"wp-image-93420 lazyload\" data-srcset=\"https:\/\/eldiariodesanpedro.com.ar\/sitio\/wp-content\/uploads\/2021\/05\/conmarca29758.jpg 643w, https:\/\/eldiariodesanpedro.com.ar\/sitio\/wp-content\/uploads\/2021\/05\/conmarca29758-300x210.jpg 300w\" data-sizes=\"(max-width: 643px) 100vw, 643px\" src=\"data:image\/svg+xml;base64,PHN2ZyB3aWR0aD0iMSIgaGVpZ2h0PSIxIiB4bWxucz0iaHR0cDovL3d3dy53My5vcmcvMjAwMC9zdmciPjwvc3ZnPg==\" style=\"--smush-placeholder-width: 643px; --smush-placeholder-aspect-ratio: 643\/450;\" \/><\/figure>\n","protected":false},"excerpt":{"rendered":"<p>A ra\u00edz de un llamado al 911 que dio aviso que en un kiosco ubicado en Chacabuco y D\u00e1maso Valdes habr\u00eda sido vista Nayla en la tarde de s\u00e1bado. Se dio alerta a la los m\u00f3viles en la zona y finalmente personal de la Polic\u00eda Local los identific\u00f3 al autom\u00f3vil en el que circulaban, un [&hellip;]<\/p>\n","protected":false},"author":4,"featured_media":93419,"comment_status":"open","ping_status":"closed","sticky":false,"template":"","format":"standard","meta":{"om_disable_all_campaigns":false,"_jetpack_memberships_contains_paid_content":false,"footnotes":""},"categories":[621],"tags":[],"class_list":["post-93418","post","type-post","status-publish","format-standard","has-post-thumbnail","hentry","category-regionales"],"aioseo_notices":[],"gutentor_comment":0,"jetpack_featured_media_url":"https:\/\/eldiariodesanpedro.com.ar\/sitio\/wp-content\/uploads\/2021\/05\/no_wvq44vcd933qn5srubia-1.jpg","jetpack_shortlink":"https:\/\/wp.me\/p6RhLt-oiK","jetpack_sharing_enabled":true,"_links":{"self":[{"href":"https:\/\/eldiariodesanpedro.com.ar\/sitio\/wp-json\/wp\/v2\/posts\/93418","targetHints":{"allow":["GET"]}}],"collection":[{"href":"https:\/\/eldiariodesanpedro.com.ar\/sitio\/wp-json\/wp\/v2\/posts"}],"about":[{"href":"https:\/\/eldiariodesanpedro.com.ar\/sitio\/wp-json\/wp\/v2\/types\/post"}],"author":[{"embeddable":true,"href":"https:\/\/eldiariodesanpedro.com.ar\/sitio\/wp-json\/wp\/v2\/users\/4"}],"replies":[{"embeddable":true,"href":"https:\/\/eldiariodesanpedro.com.ar\/sitio\/wp-json\/wp\/v2\/comments?post=93418"}],"version-history":[{"count":2,"href":"https:\/\/eldiariodesanpedro.com.ar\/sitio\/wp-json\/wp\/v2\/posts\/93418\/revisions"}],"predecessor-version":[{"id":93425,"href":"https:\/\/eldiariodesanpedro.com.ar\/sitio\/wp-json\/wp\/v2\/posts\/93418\/revisions\/93425"}],"wp:featuredmedia":[{"embeddable":true,"href":"https:\/\/eldiariodesanpedro.com.ar\/sitio\/wp-json\/wp\/v2\/media\/93419"}],"wp:attachment":[{"href":"https:\/\/eldiariodesanpedro.com.ar\/sitio\/wp-json\/wp\/v2\/media?parent=93418"}],"wp:term":[{"taxonomy":"category","embeddable":true,"href":"https:\/\/eldiariodesanpedro.com.ar\/sitio\/wp-json\/wp\/v2\/categories?post=93418"},{"taxonomy":"post_tag","embeddable":true,"href":"https:\/\/eldiariodesanpedro.com.ar\/sitio\/wp-json\/wp\/v2\/tags?post=93418"}],"curies":[{"name":"wp","href":"https:\/\/api.w.org\/{rel}","templated":true}]}}