{"id":93412,"date":"2021-05-30T11:10:00","date_gmt":"2021-05-30T14:10:00","guid":{"rendered":"https:\/\/eldiariodesanpedro.com.ar\/sitio\/?p=93412"},"modified":"2021-05-30T11:10:05","modified_gmt":"2021-05-30T14:10:05","slug":"un-automovil-colisiono-contra-una-columna-de-luz-en-el-camino-lucio-mansilla","status":"publish","type":"post","link":"https:\/\/eldiariodesanpedro.com.ar\/sitio\/un-automovil-colisiono-contra-una-columna-de-luz-en-el-camino-lucio-mansilla\/","title":{"rendered":"Un autom\u00f3vil colisiono contra una columna de luz en el camino Lucio Mansilla"},"content":{"rendered":"<!-- VideographyWP Plugin Message: Automatic video embedding prevented by plugin options. -->\n\n<p>En la madrugada de hoy un autom\u00f3vil marca Volkswagen Bora color negro protagonizo un fuerte accidente contra una columna de alumbrado.<\/p>\n\n\n\n<p>El siniestro tuvo lugar hoy en horas de la madrugada alrededor de las 04 hs en el calle Lucio Mansilla en cercan\u00edas al Fort\u00edn de los Gauchos donde por motivos que se tratan de establecer un joven de 30 a\u00f1os perdi\u00f3 el control del rodado impactando de lleno contra un alumbrado publico. <\/p>\n\n\n\n<p>Seg\u00fan informaron las autoridades policiales el conductor del rodado no sufri\u00f3 lesiones leves y se fue por sus propios medios, la polic\u00eda dio con \u00e9l en su domicilio.<\/p>\n\n\n\n<p><\/p>\n","protected":false},"excerpt":{"rendered":"<p>En la madrugada de hoy un autom\u00f3vil marca Volkswagen Bora color negro protagonizo un fuerte accidente contra una columna de alumbrado. El siniestro tuvo lugar hoy en horas de la madrugada alrededor de las 04 hs en el calle Lucio Mansilla en cercan\u00edas al Fort\u00edn de los Gauchos donde por motivos que se tratan de [&hellip;]<\/p>\n","protected":false},"author":4,"featured_media":93413,"comment_status":"open","ping_status":"closed","sticky":false,"template":"","format":"standard","meta":{"om_disable_all_campaigns":false,"_jetpack_memberships_contains_paid_content":false,"footnotes":""},"categories":[50,2,103],"tags":[],"class_list":["post-93412","post","type-post","status-publish","format-standard","has-post-thumbnail","hentry","category-destacadas","category-locales","category-policiales-locales"],"aioseo_notices":[],"gutentor_comment":0,"jetpack_featured_media_url":"https:\/\/eldiariodesanpedro.com.ar\/sitio\/wp-content\/uploads\/2021\/05\/accidente-domingo-3.jpg","jetpack_shortlink":"https:\/\/wp.me\/p6RhLt-oiE","jetpack_sharing_enabled":true,"_links":{"self":[{"href":"https:\/\/eldiariodesanpedro.com.ar\/sitio\/wp-json\/wp\/v2\/posts\/93412","targetHints":{"allow":["GET"]}}],"collection":[{"href":"https:\/\/eldiariodesanpedro.com.ar\/sitio\/wp-json\/wp\/v2\/posts"}],"about":[{"href":"https:\/\/eldiariodesanpedro.com.ar\/sitio\/wp-json\/wp\/v2\/types\/post"}],"author":[{"embeddable":true,"href":"https:\/\/eldiariodesanpedro.com.ar\/sitio\/wp-json\/wp\/v2\/users\/4"}],"replies":[{"embeddable":true,"href":"https:\/\/eldiariodesanpedro.com.ar\/sitio\/wp-json\/wp\/v2\/comments?post=93412"}],"version-history":[{"count":1,"href":"https:\/\/eldiariodesanpedro.com.ar\/sitio\/wp-json\/wp\/v2\/posts\/93412\/revisions"}],"predecessor-version":[{"id":93414,"href":"https:\/\/eldiariodesanpedro.com.ar\/sitio\/wp-json\/wp\/v2\/posts\/93412\/revisions\/93414"}],"wp:featuredmedia":[{"embeddable":true,"href":"https:\/\/eldiariodesanpedro.com.ar\/sitio\/wp-json\/wp\/v2\/media\/93413"}],"wp:attachment":[{"href":"https:\/\/eldiariodesanpedro.com.ar\/sitio\/wp-json\/wp\/v2\/media?parent=93412"}],"wp:term":[{"taxonomy":"category","embeddable":true,"href":"https:\/\/eldiariodesanpedro.com.ar\/sitio\/wp-json\/wp\/v2\/categories?post=93412"},{"taxonomy":"post_tag","embeddable":true,"href":"https:\/\/eldiariodesanpedro.com.ar\/sitio\/wp-json\/wp\/v2\/tags?post=93412"}],"curies":[{"name":"wp","href":"https:\/\/api.w.org\/{rel}","templated":true}]}}