{"id":93404,"date":"2021-05-29T18:15:50","date_gmt":"2021-05-29T21:15:50","guid":{"rendered":"https:\/\/eldiariodesanpedro.com.ar\/sitio\/?p=93404"},"modified":"2021-05-29T18:28:36","modified_gmt":"2021-05-29T21:28:36","slug":"san-nicolas-intensa-busqueda-de-la-joven-nayla-guayare","status":"publish","type":"post","link":"https:\/\/eldiariodesanpedro.com.ar\/sitio\/san-nicolas-intensa-busqueda-de-la-joven-nayla-guayare\/","title":{"rendered":"SAN NICOL\u00c1S | Intensa b\u00fasqueda de la joven Nayla Guayare"},"content":{"rendered":"<!-- VideographyWP Plugin Message: Automatic video embedding prevented by plugin options. -->\n\n<p>Durante las \u00faltimas horas del viernes fue recepcionada en sede de la Comisar\u00eda Tercera, la b\u00fasqueda de paradero de la joven Nayla de 26 a\u00f1os, de profesi\u00f3n esteticista, quien se ausent\u00f3 de su domicilio y hasta el momento nada se sabe.<\/p>\n\n\n\n<p>Su pareja fue el denunciante quien manifest\u00f3 que al regresar a su casa Nayla no estaba, desconociendo su paradero.<\/p>\n\n\n\n<p>Personal policial comenz\u00f3 una intensa b\u00fasqueda por el barrio y alrededores, se entrevistaron con vecinos pero hasta el momento nadie aport\u00f3 informaci\u00f3n precisa.<\/p>\n\n\n\n<p>Se mantiene la b\u00fasqueda. Quien pueda aportar informaci\u00f3n `por favor comunicarse al 911<br>Intervine la Fiscal\u00eda N\u00ba2.<\/p>\n\n\n\n<p>Fuente: <a href=\"http:\/\/www.diarioelinformante.com.ar\/nota-60380_polica-intensifica-la-bsqueda-de-nayla-guayare\">El Informante<\/a><\/p>\n\n\n\n<figure class=\"wp-block-image size-large\"><img decoding=\"async\" width=\"526\" height=\"828\" data-attachment-id=\"93408\" data-permalink=\"https:\/\/eldiariodesanpedro.com.ar\/sitio\/san-nicolas-intensa-busqueda-de-la-joven-nayla-guayare\/193270237_3928743857179166_8184805809637535832_n\/\" data-orig-file=\"https:\/\/eldiariodesanpedro.com.ar\/sitio\/wp-content\/uploads\/2021\/05\/193270237_3928743857179166_8184805809637535832_n.jpg\" data-orig-size=\"526,828\" data-comments-opened=\"1\" data-image-meta=\"{&quot;aperture&quot;:&quot;0&quot;,&quot;credit&quot;:&quot;&quot;,&quot;camera&quot;:&quot;&quot;,&quot;caption&quot;:&quot;&quot;,&quot;created_timestamp&quot;:&quot;0&quot;,&quot;copyright&quot;:&quot;&quot;,&quot;focal_length&quot;:&quot;0&quot;,&quot;iso&quot;:&quot;0&quot;,&quot;shutter_speed&quot;:&quot;0&quot;,&quot;title&quot;:&quot;&quot;,&quot;orientation&quot;:&quot;0&quot;}\" data-image-title=\"193270237_3928743857179166_8184805809637535832_n\" data-image-description=\"\" data-image-caption=\"\" data-large-file=\"https:\/\/eldiariodesanpedro.com.ar\/sitio\/wp-content\/uploads\/2021\/05\/193270237_3928743857179166_8184805809637535832_n.jpg\" data-src=\"https:\/\/eldiariodesanpedro.com.ar\/sitio\/wp-content\/uploads\/2021\/05\/193270237_3928743857179166_8184805809637535832_n.jpg\" alt=\"\" class=\"wp-image-93408 lazyload\" data-srcset=\"https:\/\/eldiariodesanpedro.com.ar\/sitio\/wp-content\/uploads\/2021\/05\/193270237_3928743857179166_8184805809637535832_n.jpg 526w, https:\/\/eldiariodesanpedro.com.ar\/sitio\/wp-content\/uploads\/2021\/05\/193270237_3928743857179166_8184805809637535832_n-191x300.jpg 191w\" data-sizes=\"(max-width: 526px) 100vw, 526px\" src=\"data:image\/svg+xml;base64,PHN2ZyB3aWR0aD0iMSIgaGVpZ2h0PSIxIiB4bWxucz0iaHR0cDovL3d3dy53My5vcmcvMjAwMC9zdmciPjwvc3ZnPg==\" style=\"--smush-placeholder-width: 526px; --smush-placeholder-aspect-ratio: 526\/828;\" \/><\/figure>\n\n\n\n<figure class=\"wp-block-image size-large is-resized\"><img decoding=\"async\" data-attachment-id=\"93406\" data-permalink=\"https:\/\/eldiariodesanpedro.com.ar\/sitio\/san-nicolas-intensa-busqueda-de-la-joven-nayla-guayare\/conmarca29752\/\" data-orig-file=\"https:\/\/eldiariodesanpedro.com.ar\/sitio\/wp-content\/uploads\/2021\/05\/conmarca29752.jpg\" data-orig-size=\"450,253\" data-comments-opened=\"1\" data-image-meta=\"{&quot;aperture&quot;:&quot;0&quot;,&quot;credit&quot;:&quot;&quot;,&quot;camera&quot;:&quot;&quot;,&quot;caption&quot;:&quot;&quot;,&quot;created_timestamp&quot;:&quot;0&quot;,&quot;copyright&quot;:&quot;&quot;,&quot;focal_length&quot;:&quot;0&quot;,&quot;iso&quot;:&quot;0&quot;,&quot;shutter_speed&quot;:&quot;0&quot;,&quot;title&quot;:&quot;&quot;,&quot;orientation&quot;:&quot;0&quot;}\" data-image-title=\"conmarca29752\" data-image-description=\"\" data-image-caption=\"\" data-large-file=\"https:\/\/eldiariodesanpedro.com.ar\/sitio\/wp-content\/uploads\/2021\/05\/conmarca29752.jpg\" data-src=\"https:\/\/eldiariodesanpedro.com.ar\/sitio\/wp-content\/uploads\/2021\/05\/conmarca29752.jpg\" alt=\"\" class=\"wp-image-93406 lazyload\" width=\"840\" height=\"472\" data-srcset=\"https:\/\/eldiariodesanpedro.com.ar\/sitio\/wp-content\/uploads\/2021\/05\/conmarca29752.jpg 450w, https:\/\/eldiariodesanpedro.com.ar\/sitio\/wp-content\/uploads\/2021\/05\/conmarca29752-300x169.jpg 300w\" data-sizes=\"(max-width: 840px) 100vw, 840px\" src=\"data:image\/svg+xml;base64,PHN2ZyB3aWR0aD0iMSIgaGVpZ2h0PSIxIiB4bWxucz0iaHR0cDovL3d3dy53My5vcmcvMjAwMC9zdmciPjwvc3ZnPg==\" style=\"--smush-placeholder-width: 840px; --smush-placeholder-aspect-ratio: 840\/472;\" \/><\/figure>\n","protected":false},"excerpt":{"rendered":"<p>Durante las \u00faltimas horas del viernes fue recepcionada en sede de la Comisar\u00eda Tercera, la b\u00fasqueda de paradero de la joven Nayla de 26 a\u00f1os, de profesi\u00f3n esteticista, quien se ausent\u00f3 de su domicilio y hasta el momento nada se sabe. Su pareja fue el denunciante quien manifest\u00f3 que al regresar a su casa Nayla [&hellip;]<\/p>\n","protected":false},"author":4,"featured_media":93405,"comment_status":"open","ping_status":"closed","sticky":false,"template":"","format":"standard","meta":{"om_disable_all_campaigns":false,"_jetpack_memberships_contains_paid_content":false,"footnotes":""},"categories":[621],"tags":[],"class_list":["post-93404","post","type-post","status-publish","format-standard","has-post-thumbnail","hentry","category-regionales"],"aioseo_notices":[],"gutentor_comment":0,"jetpack_featured_media_url":"https:\/\/eldiariodesanpedro.com.ar\/sitio\/wp-content\/uploads\/2021\/05\/no_wvq44vcd933qn5srubia.jpg","jetpack_shortlink":"https:\/\/wp.me\/p6RhLt-oiw","jetpack_sharing_enabled":true,"_links":{"self":[{"href":"https:\/\/eldiariodesanpedro.com.ar\/sitio\/wp-json\/wp\/v2\/posts\/93404","targetHints":{"allow":["GET"]}}],"collection":[{"href":"https:\/\/eldiariodesanpedro.com.ar\/sitio\/wp-json\/wp\/v2\/posts"}],"about":[{"href":"https:\/\/eldiariodesanpedro.com.ar\/sitio\/wp-json\/wp\/v2\/types\/post"}],"author":[{"embeddable":true,"href":"https:\/\/eldiariodesanpedro.com.ar\/sitio\/wp-json\/wp\/v2\/users\/4"}],"replies":[{"embeddable":true,"href":"https:\/\/eldiariodesanpedro.com.ar\/sitio\/wp-json\/wp\/v2\/comments?post=93404"}],"version-history":[{"count":2,"href":"https:\/\/eldiariodesanpedro.com.ar\/sitio\/wp-json\/wp\/v2\/posts\/93404\/revisions"}],"predecessor-version":[{"id":93409,"href":"https:\/\/eldiariodesanpedro.com.ar\/sitio\/wp-json\/wp\/v2\/posts\/93404\/revisions\/93409"}],"wp:featuredmedia":[{"embeddable":true,"href":"https:\/\/eldiariodesanpedro.com.ar\/sitio\/wp-json\/wp\/v2\/media\/93405"}],"wp:attachment":[{"href":"https:\/\/eldiariodesanpedro.com.ar\/sitio\/wp-json\/wp\/v2\/media?parent=93404"}],"wp:term":[{"taxonomy":"category","embeddable":true,"href":"https:\/\/eldiariodesanpedro.com.ar\/sitio\/wp-json\/wp\/v2\/categories?post=93404"},{"taxonomy":"post_tag","embeddable":true,"href":"https:\/\/eldiariodesanpedro.com.ar\/sitio\/wp-json\/wp\/v2\/tags?post=93404"}],"curies":[{"name":"wp","href":"https:\/\/api.w.org\/{rel}","templated":true}]}}