{"id":93393,"date":"2021-05-29T16:11:02","date_gmt":"2021-05-29T19:11:02","guid":{"rendered":"https:\/\/eldiariodesanpedro.com.ar\/sitio\/?p=93393"},"modified":"2021-05-29T16:13:13","modified_gmt":"2021-05-29T19:13:13","slug":"coronavirus-provincia-lanza-un-millon-de-turnos-para-vacunarse","status":"publish","type":"post","link":"https:\/\/eldiariodesanpedro.com.ar\/sitio\/coronavirus-provincia-lanza-un-millon-de-turnos-para-vacunarse\/","title":{"rendered":"Coronavirus: Provincia lanza un mill\u00f3n de turnos para vacunarse"},"content":{"rendered":"<!-- VideographyWP Plugin Message: Automatic video embedding prevented by plugin options. -->\n\n<p>La llegada de gran cantidad de vacunas permitir\u00e1 terminar de inocular a los grupos priorizados en el segundo hito y avanzar con la aplicaci\u00f3n de segundas dosis.<\/p>\n\n\n\n<p>A partir del arribo masivo de\u00a0vacunas\u00a0contra el coronavirus, la\u00a0provincia\u00a0de Buenos Aires envi\u00f3 ayer 411.490 nuevos\u00a0turnos\u00a0que comienzan a concretarse hoy y se extienden hasta el martes; en tanto que durante la semana se enviar\u00e1n otros 600 mil turnos para los pr\u00f3ximos diez d\u00edas. De esta manera, la Provincia suma un mill\u00f3n de nuevos turnos para los 135 municipios bonaerenses.<\/p>\n\n\n\n<p>\u201cEn la Provincia las postas de vacunaci\u00f3n est\u00e1n funcionando durante los siete d\u00edas de la semana, incluso los feriados, para avanzar lo m\u00e1s r\u00e1pido posible con la inmunizaci\u00f3n de los grupos de riesgo\u201d, sostuvo el gobernador Axel Kicillof y agreg\u00f3: \u201cAhora, con la mayor disponibilidad de vacunas, vamos a estar en condiciones incluso de acelerar el ritmo de la campa\u00f1a en todos los distritos\u201d.<\/p>\n\n\n\n<p>De las 2.684.600 vacunas recibidas en los \u00faltimos d\u00edas, el Gobierno Nacional realiz\u00f3 la distribuci\u00f3n equitativa y a la provincia de Buenos Aires se le han asignado 389.850 dosis del primer componente de Sputnik V, 30.900 del segundo componente, y 626.200 de Astrazeneca.<\/p>\n\n\n\n<p>De las 2.684.600 vacunas recibidas en los \u00faltimos d\u00edas, el Gobierno Nacional realiz\u00f3 la distribuci\u00f3n equitativa y a la provincia de Buenos Aires se le han asignado 389.850 dosis del primer componente de Sputnik V, 30.900 del segundo componente, y 626.200 de Astrazeneca.<\/p>\n\n\n\n<p>En tanto que, es para resaltar que a la fecha, en la provincia de Buenos Aires se aplicaron 4.562.076 dosis, de las cuales 3.577.149 corresponden a un primer componente, sobre un total de 7.374.999 inscriptos en la campa\u00f1a Buenos Aires Vacunate, el plan provincial p\u00fablico, gratuito y optativo para prevenir el coronavirus.<\/p>\n\n\n\n<figure class=\"wp-block-image size-large\"><img decoding=\"async\" width=\"887\" height=\"443\" data-attachment-id=\"93399\" data-permalink=\"https:\/\/eldiariodesanpedro.com.ar\/sitio\/coronavirus-provincia-lanza-un-millon-de-turnos-para-vacunarse\/29-05-_primer-hitopng-1\/\" data-orig-file=\"https:\/\/eldiariodesanpedro.com.ar\/sitio\/wp-content\/uploads\/2021\/05\/29-05-_primer-hitopng-1.jpg\" data-orig-size=\"887,443\" data-comments-opened=\"1\" data-image-meta=\"{&quot;aperture&quot;:&quot;0&quot;,&quot;credit&quot;:&quot;&quot;,&quot;camera&quot;:&quot;&quot;,&quot;caption&quot;:&quot;&quot;,&quot;created_timestamp&quot;:&quot;0&quot;,&quot;copyright&quot;:&quot;&quot;,&quot;focal_length&quot;:&quot;0&quot;,&quot;iso&quot;:&quot;0&quot;,&quot;shutter_speed&quot;:&quot;0&quot;,&quot;title&quot;:&quot;&quot;,&quot;orientation&quot;:&quot;0&quot;}\" data-image-title=\"29-05-_primer-hitopng-1\" data-image-description=\"\" data-image-caption=\"\" data-large-file=\"https:\/\/eldiariodesanpedro.com.ar\/sitio\/wp-content\/uploads\/2021\/05\/29-05-_primer-hitopng-1.jpg\" data-src=\"https:\/\/eldiariodesanpedro.com.ar\/sitio\/wp-content\/uploads\/2021\/05\/29-05-_primer-hitopng-1.jpg\" alt=\"\" class=\"wp-image-93399 lazyload\" data-srcset=\"https:\/\/eldiariodesanpedro.com.ar\/sitio\/wp-content\/uploads\/2021\/05\/29-05-_primer-hitopng-1.jpg 887w, https:\/\/eldiariodesanpedro.com.ar\/sitio\/wp-content\/uploads\/2021\/05\/29-05-_primer-hitopng-1-300x150.jpg 300w, https:\/\/eldiariodesanpedro.com.ar\/sitio\/wp-content\/uploads\/2021\/05\/29-05-_primer-hitopng-1-768x384.jpg 768w\" data-sizes=\"(max-width: 887px) 100vw, 887px\" src=\"data:image\/svg+xml;base64,PHN2ZyB3aWR0aD0iMSIgaGVpZ2h0PSIxIiB4bWxucz0iaHR0cDovL3d3dy53My5vcmcvMjAwMC9zdmciPjwvc3ZnPg==\" style=\"--smush-placeholder-width: 887px; --smush-placeholder-aspect-ratio: 887\/443;\" \/><\/figure>\n\n\n\n<figure class=\"wp-block-image size-large\"><img decoding=\"async\" width=\"887\" height=\"444\" data-attachment-id=\"93400\" data-permalink=\"https:\/\/eldiariodesanpedro.com.ar\/sitio\/coronavirus-provincia-lanza-un-millon-de-turnos-para-vacunarse\/29-05-segundo-hitopng-1\/\" data-orig-file=\"https:\/\/eldiariodesanpedro.com.ar\/sitio\/wp-content\/uploads\/2021\/05\/29-05-segundo-hitopng-1.jpg\" data-orig-size=\"887,444\" data-comments-opened=\"1\" data-image-meta=\"{&quot;aperture&quot;:&quot;0&quot;,&quot;credit&quot;:&quot;&quot;,&quot;camera&quot;:&quot;&quot;,&quot;caption&quot;:&quot;&quot;,&quot;created_timestamp&quot;:&quot;0&quot;,&quot;copyright&quot;:&quot;&quot;,&quot;focal_length&quot;:&quot;0&quot;,&quot;iso&quot;:&quot;0&quot;,&quot;shutter_speed&quot;:&quot;0&quot;,&quot;title&quot;:&quot;&quot;,&quot;orientation&quot;:&quot;0&quot;}\" data-image-title=\"29-05-segundo-hitopng-1\" data-image-description=\"\" data-image-caption=\"\" data-large-file=\"https:\/\/eldiariodesanpedro.com.ar\/sitio\/wp-content\/uploads\/2021\/05\/29-05-segundo-hitopng-1.jpg\" data-src=\"https:\/\/eldiariodesanpedro.com.ar\/sitio\/wp-content\/uploads\/2021\/05\/29-05-segundo-hitopng-1.jpg\" alt=\"\" class=\"wp-image-93400 lazyload\" data-srcset=\"https:\/\/eldiariodesanpedro.com.ar\/sitio\/wp-content\/uploads\/2021\/05\/29-05-segundo-hitopng-1.jpg 887w, https:\/\/eldiariodesanpedro.com.ar\/sitio\/wp-content\/uploads\/2021\/05\/29-05-segundo-hitopng-1-300x150.jpg 300w, https:\/\/eldiariodesanpedro.com.ar\/sitio\/wp-content\/uploads\/2021\/05\/29-05-segundo-hitopng-1-768x384.jpg 768w\" data-sizes=\"(max-width: 887px) 100vw, 887px\" src=\"data:image\/svg+xml;base64,PHN2ZyB3aWR0aD0iMSIgaGVpZ2h0PSIxIiB4bWxucz0iaHR0cDovL3d3dy53My5vcmcvMjAwMC9zdmciPjwvc3ZnPg==\" style=\"--smush-placeholder-width: 887px; --smush-placeholder-aspect-ratio: 887\/444;\" \/><\/figure>\n\n\n\n<figure class=\"wp-block-image size-large\"><img decoding=\"async\" width=\"887\" height=\"443\" data-attachment-id=\"93401\" data-permalink=\"https:\/\/eldiariodesanpedro.com.ar\/sitio\/coronavirus-provincia-lanza-un-millon-de-turnos-para-vacunarse\/29-05-_totalespng-1\/\" data-orig-file=\"https:\/\/eldiariodesanpedro.com.ar\/sitio\/wp-content\/uploads\/2021\/05\/29-05-_totalespng-1.jpg\" data-orig-size=\"887,443\" data-comments-opened=\"1\" data-image-meta=\"{&quot;aperture&quot;:&quot;0&quot;,&quot;credit&quot;:&quot;&quot;,&quot;camera&quot;:&quot;&quot;,&quot;caption&quot;:&quot;&quot;,&quot;created_timestamp&quot;:&quot;0&quot;,&quot;copyright&quot;:&quot;&quot;,&quot;focal_length&quot;:&quot;0&quot;,&quot;iso&quot;:&quot;0&quot;,&quot;shutter_speed&quot;:&quot;0&quot;,&quot;title&quot;:&quot;&quot;,&quot;orientation&quot;:&quot;0&quot;}\" data-image-title=\"29-05-_totalespng-1\" data-image-description=\"\" data-image-caption=\"\" data-large-file=\"https:\/\/eldiariodesanpedro.com.ar\/sitio\/wp-content\/uploads\/2021\/05\/29-05-_totalespng-1.jpg\" data-src=\"https:\/\/eldiariodesanpedro.com.ar\/sitio\/wp-content\/uploads\/2021\/05\/29-05-_totalespng-1.jpg\" alt=\"\" class=\"wp-image-93401 lazyload\" data-srcset=\"https:\/\/eldiariodesanpedro.com.ar\/sitio\/wp-content\/uploads\/2021\/05\/29-05-_totalespng-1.jpg 887w, https:\/\/eldiariodesanpedro.com.ar\/sitio\/wp-content\/uploads\/2021\/05\/29-05-_totalespng-1-300x150.jpg 300w, https:\/\/eldiariodesanpedro.com.ar\/sitio\/wp-content\/uploads\/2021\/05\/29-05-_totalespng-1-768x384.jpg 768w\" data-sizes=\"(max-width: 887px) 100vw, 887px\" src=\"data:image\/svg+xml;base64,PHN2ZyB3aWR0aD0iMSIgaGVpZ2h0PSIxIiB4bWxucz0iaHR0cDovL3d3dy53My5vcmcvMjAwMC9zdmciPjwvc3ZnPg==\" style=\"--smush-placeholder-width: 887px; --smush-placeholder-aspect-ratio: 887\/443;\" \/><\/figure>\n","protected":false},"excerpt":{"rendered":"<p>La llegada de gran cantidad de vacunas permitir\u00e1 terminar de inocular a los grupos priorizados en el segundo hito y avanzar con la aplicaci\u00f3n de segundas dosis. A partir del arribo masivo de\u00a0vacunas\u00a0contra el coronavirus, la\u00a0provincia\u00a0de Buenos Aires envi\u00f3 ayer 411.490 nuevos\u00a0turnos\u00a0que comienzan a concretarse hoy y se extienden hasta el martes; en tanto que [&hellip;]<\/p>\n","protected":false},"author":4,"featured_media":93397,"comment_status":"open","ping_status":"closed","sticky":false,"template":"","format":"standard","meta":{"om_disable_all_campaigns":false,"_jetpack_memberships_contains_paid_content":false,"footnotes":""},"categories":[621],"tags":[],"class_list":["post-93393","post","type-post","status-publish","format-standard","has-post-thumbnail","hentry","category-regionales"],"aioseo_notices":[],"gutentor_comment":0,"jetpack_featured_media_url":"https:\/\/eldiariodesanpedro.com.ar\/sitio\/wp-content\/uploads\/2021\/05\/vacuna03jpg.jpg","jetpack_shortlink":"https:\/\/wp.me\/p6RhLt-oil","jetpack_sharing_enabled":true,"_links":{"self":[{"href":"https:\/\/eldiariodesanpedro.com.ar\/sitio\/wp-json\/wp\/v2\/posts\/93393","targetHints":{"allow":["GET"]}}],"collection":[{"href":"https:\/\/eldiariodesanpedro.com.ar\/sitio\/wp-json\/wp\/v2\/posts"}],"about":[{"href":"https:\/\/eldiariodesanpedro.com.ar\/sitio\/wp-json\/wp\/v2\/types\/post"}],"author":[{"embeddable":true,"href":"https:\/\/eldiariodesanpedro.com.ar\/sitio\/wp-json\/wp\/v2\/users\/4"}],"replies":[{"embeddable":true,"href":"https:\/\/eldiariodesanpedro.com.ar\/sitio\/wp-json\/wp\/v2\/comments?post=93393"}],"version-history":[{"count":2,"href":"https:\/\/eldiariodesanpedro.com.ar\/sitio\/wp-json\/wp\/v2\/posts\/93393\/revisions"}],"predecessor-version":[{"id":93403,"href":"https:\/\/eldiariodesanpedro.com.ar\/sitio\/wp-json\/wp\/v2\/posts\/93393\/revisions\/93403"}],"wp:featuredmedia":[{"embeddable":true,"href":"https:\/\/eldiariodesanpedro.com.ar\/sitio\/wp-json\/wp\/v2\/media\/93397"}],"wp:attachment":[{"href":"https:\/\/eldiariodesanpedro.com.ar\/sitio\/wp-json\/wp\/v2\/media?parent=93393"}],"wp:term":[{"taxonomy":"category","embeddable":true,"href":"https:\/\/eldiariodesanpedro.com.ar\/sitio\/wp-json\/wp\/v2\/categories?post=93393"},{"taxonomy":"post_tag","embeddable":true,"href":"https:\/\/eldiariodesanpedro.com.ar\/sitio\/wp-json\/wp\/v2\/tags?post=93393"}],"curies":[{"name":"wp","href":"https:\/\/api.w.org\/{rel}","templated":true}]}}